  {"id":3277,"date":"2015-07-03T13:52:28","date_gmt":"2015-07-03T17:52:28","guid":{"rendered":"http:\/\/www.un.org\/sustainabledevelopment\/es\/?p=3277"},"modified":"2017-11-13T16:02:32","modified_gmt":"2017-11-13T21:02:32","slug":"las-leyes-punitivas-y-el-estigma-propician-la-propagacion-del-vih-en-el-caribe","status":"publish","type":"post","link":"https:\/\/www.un.org\/sustainabledevelopment\/es\/2015\/07\/las-leyes-punitivas-y-el-estigma-propician-la-propagacion-del-vih-en-el-caribe\/","title":{"rendered":"Las leyes punitivas y el estigma propician la propagaci\u00f3n del VIH en el Caribe"},"content":{"rendered":"<p>3 de julio de 2015 \u2014 El Secretario General de la ONU sostuvo hoy en Bridgetown que las leyes punitivas y el estigma son factores que contribuyen a la propagaci\u00f3n de la epidemia del VIH-SIDA en el Caribe, una regi\u00f3n donde se estima que viven 250.000 seropositivos.<\/p>\n<p>Ban Ki-moon pronunci\u00f3 un discurso en la presentaci\u00f3n en la capital de Barbados del informe sobre los avances globales en el combate a la enfermedad, elaborado por una Comisi\u00f3n de ONUSIDA y Lancet.<\/p>\n<p>En ese foro, Ban afirm\u00f3 que tanto las legislaciones que castigan las relaciones entre personas del mismo sexo como el estigma que rodea al VIH-SIDA aumentan la vulnerabilidad de las comunidades propensas a adquirir la infecci\u00f3n y bloquean el acceso al tratamiento del virus.<\/p>\n<p>Agreg\u00f3 que la homofobia amenaza los derechos humanos y la salud p\u00fablica y enfatiz\u00f3 una vez m\u00e1s que no es aceptable la discriminaci\u00f3n basada en la orientaci\u00f3n sexual de las personas.<\/p>\n<p>Por otra parte, el titular de la ONU destac\u00f3 la carencia de recursos de los gobiernos caribe\u00f1os para financiar el diagn\u00f3stico y tratamiento del VIH.<\/p>\n<p>Seg\u00fan el informe de ONUSIDA y Lancet, cada a\u00f1o se gastan 19.000 millones de d\u00f3lares en la lucha contra la epidemia a nivel mundial, pero hace falta el doble de esa cantidad para alcanzar la meta de erradicar la enfermedad en 2030.<\/p>\n<p><a href=\"http:\/\/www.un.org\/spanish\/News\/story.asp?NewsID=32760\" title=\"Las leyes punitivas y el estigma propician la propagaci\u00f3n del VIH en el Caribe\">Centro de noticias de la ONU<\/a><\/p>\n","protected":false},"excerpt":{"rendered":"<p>3 de julio de 2015 \u2014 El Secretario General de  [&#8230;]<\/p>\n","protected":false},"author":37,"featured_media":3280,"comment_status":"closed","ping_status":"closed","sticky":false,"template":"","format":"standard","meta":{"_et_pb_use_builder":"","_et_pb_old_content":"","_et_gb_content_width":"","footnotes":""},"categories":[16,11,31],"tags":[],"class_list":["post-3277","post","type-post","status-publish","format-standard","has-post-thumbnail","hentry","category-news","category-health","category-secretario-general"],"_links":{"self":[{"href":"https:\/\/www.un.org\/sustainabledevelopment\/es\/wp-json\/wp\/v2\/posts\/3277","targetHints":{"allow":["GET"]}}],"collection":[{"href":"https:\/\/www.un.org\/sustainabledevelopment\/es\/wp-json\/wp\/v2\/posts"}],"about":[{"href":"https:\/\/www.un.org\/sustainabledevelopment\/es\/wp-json\/wp\/v2\/types\/post"}],"author":[{"embeddable":true,"href":"https:\/\/www.un.org\/sustainabledevelopment\/es\/wp-json\/wp\/v2\/users\/37"}],"replies":[{"embeddable":true,"href":"https:\/\/www.un.org\/sustainabledevelopment\/es\/wp-json\/wp\/v2\/comments?post=3277"}],"version-history":[{"count":0,"href":"https:\/\/www.un.org\/sustainabledevelopment\/es\/wp-json\/wp\/v2\/posts\/3277\/revisions"}],"wp:featuredmedia":[{"embeddable":true,"href":"https:\/\/www.un.org\/sustainabledevelopment\/es\/wp-json\/wp\/v2\/media\/3280"}],"wp:attachment":[{"href":"https:\/\/www.un.org\/sustainabledevelopment\/es\/wp-json\/wp\/v2\/media?parent=3277"}],"wp:term":[{"taxonomy":"category","embeddable":true,"href":"https:\/\/www.un.org\/sustainabledevelopment\/es\/wp-json\/wp\/v2\/categories?post=3277"},{"taxonomy":"post_tag","embeddable":true,"href":"https:\/\/www.un.org\/sustainabledevelopment\/es\/wp-json\/wp\/v2\/tags?post=3277"}],"curies":[{"name":"wp","href":"https:\/\/api.w.org\/{rel}","templated":true}]}}