  {"id":3457,"date":"2015-07-14T10:21:02","date_gmt":"2015-07-14T14:21:02","guid":{"rendered":"http:\/\/www.un.org\/sustainabledevelopment\/es\/?p=3457"},"modified":"2017-11-13T16:02:28","modified_gmt":"2017-11-13T21:02:28","slug":"los-recursos-economicos-destinados-a-la-salud-mental-son-muy-escasos","status":"publish","type":"post","link":"https:\/\/www.un.org\/sustainabledevelopment\/es\/2015\/07\/los-recursos-economicos-destinados-a-la-salud-mental-son-muy-escasos\/","title":{"rendered":"Los recursos econ\u00f3micos destinados a la salud mental son \u00abmuy escasos\u00bb"},"content":{"rendered":"<p>14 de julio de 2015 \u2014 La Organizaci\u00f3n Mundial de la Salud advirti\u00f3 hoy que todav\u00eda existen grandes desigualdades en el acceso a los servicios de salud mental, dependiendo de d\u00f3nde vivan las personas.<\/p>\n<p>En todo el mundo, hay en promedio menos de un trabajador de la salud por cada 10.000 personas, seg\u00fan el Atlas de Salud Mental 2014 que ha publicado la OMS. <\/p>\n<p>El organismo de salud de las Naciones Unidas calcula que si bien las enfermedades mentales equivalen al 10 por ciento de la carga de salud en el mundo, reciben s\u00f3lo el 1 por ciento de los recursos financieros y humanos que necesitan.<\/p>\n<p>El Atlas tambi\u00e9n revela que la inversi\u00f3n en salud mental sigue siendo muy escasa. Los pa\u00edses de ingresos bajos y medianos gastan menos de 2 d\u00f3lares per c\u00e1pita al a\u00f1o en estos servicios, mientras que los m\u00e1s ricos les dedican m\u00e1s de 50. La mayor\u00eda de los fondos se destinan a los hospitales psiqui\u00e1tricos, que atienden s\u00f3lo a una peque\u00f1a proporci\u00f3n de quienes necesitan atenci\u00f3n.<\/p>\n<p>Una de las prioridades que destaca la OMS es la capacitaci\u00f3n de personal de atenci\u00f3n primaria para reconocer y tratar des\u00f3rdenes mentales m\u00e1s severos. Desde 2011, la cantidad de profesionales sanitarios especializados en esta rama de la medicina ha aumentado 35 por ciento, aunque todav\u00eda sigue habiendo carencias, sobre todo en los pa\u00edses menos desarrollados.<\/p>\n<p>La OMS advirti\u00f3 que el fracaso del sistema de salud en responder adecuadamente a las necesidades de la gente est\u00e1 teniendo serias consecuencias y que para 2030 constituir\u00e1 la principal carga de salud.<\/p>\n<p><a href=\"http:\/\/www.un.org\/spanish\/News\/story.asp?newsID=32825\" title=\"Los recursos econ\u00f3micos destinados a la salud mental son \u00abmuy escasos\u00bb  \">Centro de noticias de la ONU<\/a><\/p>\n","protected":false},"excerpt":{"rendered":"<p>14 de julio de 2015 \u2014 La Organizaci\u00f3n Mundial de  [&#8230;]<\/p>\n","protected":false},"author":37,"featured_media":3460,"comment_status":"closed","ping_status":"closed","sticky":false,"template":"","format":"standard","meta":{"_et_pb_use_builder":"","_et_pb_old_content":"","_et_gb_content_width":"","footnotes":""},"categories":[16,11],"tags":[],"class_list":["post-3457","post","type-post","status-publish","format-standard","has-post-thumbnail","hentry","category-news","category-health"],"_links":{"self":[{"href":"https:\/\/www.un.org\/sustainabledevelopment\/es\/wp-json\/wp\/v2\/posts\/3457","targetHints":{"allow":["GET"]}}],"collection":[{"href":"https:\/\/www.un.org\/sustainabledevelopment\/es\/wp-json\/wp\/v2\/posts"}],"about":[{"href":"https:\/\/www.un.org\/sustainabledevelopment\/es\/wp-json\/wp\/v2\/types\/post"}],"author":[{"embeddable":true,"href":"https:\/\/www.un.org\/sustainabledevelopment\/es\/wp-json\/wp\/v2\/users\/37"}],"replies":[{"embeddable":true,"href":"https:\/\/www.un.org\/sustainabledevelopment\/es\/wp-json\/wp\/v2\/comments?post=3457"}],"version-history":[{"count":0,"href":"https:\/\/www.un.org\/sustainabledevelopment\/es\/wp-json\/wp\/v2\/posts\/3457\/revisions"}],"wp:featuredmedia":[{"embeddable":true,"href":"https:\/\/www.un.org\/sustainabledevelopment\/es\/wp-json\/wp\/v2\/media\/3460"}],"wp:attachment":[{"href":"https:\/\/www.un.org\/sustainabledevelopment\/es\/wp-json\/wp\/v2\/media?parent=3457"}],"wp:term":[{"taxonomy":"category","embeddable":true,"href":"https:\/\/www.un.org\/sustainabledevelopment\/es\/wp-json\/wp\/v2\/categories?post=3457"},{"taxonomy":"post_tag","embeddable":true,"href":"https:\/\/www.un.org\/sustainabledevelopment\/es\/wp-json\/wp\/v2\/tags?post=3457"}],"curies":[{"name":"wp","href":"https:\/\/api.w.org\/{rel}","templated":true}]}}