  {"id":3478,"date":"2015-07-15T12:49:46","date_gmt":"2015-07-15T16:49:46","guid":{"rendered":"http:\/\/www.un.org\/sustainabledevelopment\/es\/?p=3478"},"modified":"2017-11-13T16:02:26","modified_gmt":"2017-11-13T21:02:26","slug":"las-inversiones-en-agricultura-y-la-proteccion-social-son-esenciales-para-acabar-con-el-hambre","status":"publish","type":"post","link":"https:\/\/www.un.org\/sustainabledevelopment\/es\/2015\/07\/las-inversiones-en-agricultura-y-la-proteccion-social-son-esenciales-para-acabar-con-el-hambre\/","title":{"rendered":"Las inversiones en agricultura y la protecci\u00f3n social son esenciales para acabar con el hambre"},"content":{"rendered":"<p>15 de julio de 2015 \u2014 El director general de la Agencia de la ONU para la Alimentaci\u00f3n y la Agricultura (FAO) hizo hoy un llamamiento en Etiop\u00eda, donde la ONU celebra su Tercera Conferencia Internacional sobre la Financiaci\u00f3n al Desarrollo, para que se invierta m\u00e1s en la protecci\u00f3n social y el desarrollo rural.<\/p>\n<p>Jos\u00e9 Graziano da Silva record\u00f3 que una de las prioridades de los Objetivos de Desarrollo Sostenible post-2015 y de la Agenda de Acci\u00f3n de Addis Abeba es erradicar la pobreza el hambre. Para ello, recalc\u00f3 que es imprescindible dedicar m\u00e1s recursos para garantizar que todas las personas tengan acceso a alimentos todo el a\u00f1o, y mejorar la productividad y los medios de subsistencia de los m\u00e1s pobres.<\/p>\n<p>En declaraciones a Radio ONU, el titular de la FAO destac\u00f3 la importancia de la protecci\u00f3n social y se\u00f1al\u00f3 que esta no debe confundirse con la caridad.<\/p>\n<blockquote><p>\n\u00abLa protecci\u00f3n social es un tipo de inversi\u00f3n en los pobres. Se ha probado que la transferencia de recursos permite a los pobres comer mejor, gastan casi toda esa plata adicional que reciben en alimentaci\u00f3n. Eso los hace m\u00e1s saludables y m\u00e1s productivos\u00bb, dijo.<\/p><\/blockquote>\n<p>Sin embargo, Graziano da Silva se\u00f1al\u00f3 que est\u00e1 comprobado que la inversi\u00f3n privada por s\u00ed sola no basta para romper los arraigados ciclos de la pobreza rural. Por ello es necesario que el sector p\u00fablico dedique fondos a la mejora de la infraestructura, el transporte, la salud y la educaci\u00f3n en las zonas rurales para desencadenar el pleno potencial de estas comunidades.<\/p>\n<p>La FAO public\u00f3 recientemente junto con el Programa Mundial de Alimentos de la ONU (PMA) y el Fondo Internacional para el Desarrollo Agr\u00edcola (IFAD) un informe que detalla las inversiones necesarias para erradicar el hambre en un plazo de 15 a\u00f1os, una de las metas de los Objetivos del Desarrollo que ser\u00e1n adoptados en septiembre.<\/p>\n<blockquote><p>\n\u00abSabemos lo que hay que hacer. Sabemos cu\u00e1nto cuesta. Podemos ser la generaci\u00f3n de \u2018Cero Hambre\u2019, abriendo el camino hacia un futuro sostenible e inclusivo que no deje a nadie rezagado\u00bb, concluy\u00f3 Graziano da Silva.<\/p><\/blockquote>\n<p><a href=\"http:\/\/www.un.org\/spanish\/News\/story.asp?NewsID=32836\" title=\"Las inversiones en agricultura y protecci\u00f3n social son esenciales para acabar con el hambre\">Centro de noticias de la ONU<\/a><\/p>\n","protected":false},"excerpt":{"rendered":"<p>15 de julio de 2015 \u2014 El director general de  [&#8230;]<\/p>\n","protected":false},"author":37,"featured_media":3481,"comment_status":"closed","ping_status":"closed","sticky":false,"template":"","format":"standard","meta":{"_et_pb_use_builder":"","_et_pb_old_content":"","_et_gb_content_width":"","footnotes":""},"categories":[41,46,12,16,15],"tags":[],"class_list":["post-3478","post","type-post","status-publish","format-standard","has-post-thumbnail","hentry","category-agricultura-y-medios-de-vida","category-financiacion-para-el-desarrollo","category-hunger","category-news","category-mdgs"],"_links":{"self":[{"href":"https:\/\/www.un.org\/sustainabledevelopment\/es\/wp-json\/wp\/v2\/posts\/3478","targetHints":{"allow":["GET"]}}],"collection":[{"href":"https:\/\/www.un.org\/sustainabledevelopment\/es\/wp-json\/wp\/v2\/posts"}],"about":[{"href":"https:\/\/www.un.org\/sustainabledevelopment\/es\/wp-json\/wp\/v2\/types\/post"}],"author":[{"embeddable":true,"href":"https:\/\/www.un.org\/sustainabledevelopment\/es\/wp-json\/wp\/v2\/users\/37"}],"replies":[{"embeddable":true,"href":"https:\/\/www.un.org\/sustainabledevelopment\/es\/wp-json\/wp\/v2\/comments?post=3478"}],"version-history":[{"count":0,"href":"https:\/\/www.un.org\/sustainabledevelopment\/es\/wp-json\/wp\/v2\/posts\/3478\/revisions"}],"wp:featuredmedia":[{"embeddable":true,"href":"https:\/\/www.un.org\/sustainabledevelopment\/es\/wp-json\/wp\/v2\/media\/3481"}],"wp:attachment":[{"href":"https:\/\/www.un.org\/sustainabledevelopment\/es\/wp-json\/wp\/v2\/media?parent=3478"}],"wp:term":[{"taxonomy":"category","embeddable":true,"href":"https:\/\/www.un.org\/sustainabledevelopment\/es\/wp-json\/wp\/v2\/categories?post=3478"},{"taxonomy":"post_tag","embeddable":true,"href":"https:\/\/www.un.org\/sustainabledevelopment\/es\/wp-json\/wp\/v2\/tags?post=3478"}],"curies":[{"name":"wp","href":"https:\/\/api.w.org\/{rel}","templated":true}]}}