  {"id":3568,"date":"2015-07-24T16:30:13","date_gmt":"2015-07-24T20:30:13","guid":{"rendered":"http:\/\/www.un.org\/sustainabledevelopment\/es\/?p=3568"},"modified":"2017-11-13T16:02:18","modified_gmt":"2017-11-13T21:02:18","slug":"los-reguladores-europeos-dan-la-luz-verde-a-la-primera-vacuna-contra-la-malaria","status":"publish","type":"post","link":"https:\/\/www.un.org\/sustainabledevelopment\/es\/2015\/07\/los-reguladores-europeos-dan-la-luz-verde-a-la-primera-vacuna-contra-la-malaria\/","title":{"rendered":"Los reguladores europeos dan la luz verde a la primera vacuna contra la malaria"},"content":{"rendered":"<p>La Organizaci\u00f3n Mundial de la Salud (OMS) acogi\u00f3 hoy con benepl\u00e1cito la aprobaci\u00f3n por parte de los reguladores europeos de la primera vacuna contra la malaria para uso exclusivo en beb\u00e9s de entre 6 semanas y 17 meses, un importante hito contra esta enfermedad letal.<\/p>\n<p>La Agencia Europea de Medicamentos (AEM) recomend\u00f3 que la vacuna conocida como Mosquirix sea autorizada para utilizarse en ni\u00f1os en \u00c1frica en riesgo. La inyecci\u00f3n ha sido desarrollada por la farmac\u00e9utica brit\u00e1nica GlaxoSmithKline y cuenta con una inversi\u00f3n de la Fundaci\u00f3n de Bill y Melinda Gates.<\/p>\n<p>Ahora, la vacuna ser\u00e1 evaluada por la OMS, que prometi\u00f3 emitir antes de fin de a\u00f1o sus directrices sobre c\u00f3mo utilizarla. En una rueda de prensa en Ginebra, Gregory Hartl, portavoz de la OMS, ofreci\u00f3 m\u00e1s detalles sobre cu\u00e1ndo podr\u00eda empezar a comercializarse.<\/p>\n<p>\u00abPrevemos que la vacuna, una vez que consiga avanzar hasta las autoridades reguladoras de los distintos gobiernos nacionales para su aprobaci\u00f3n, podr\u00e1 empezar a administrarse como pronto en 2017\u00bb, dijo el portavoz<\/p>\n<p>Hartl indic\u00f3 que la OMS ahora analizar\u00e1 otros temas de salud p\u00fablica relacionados con la vacuna, como su coste en relaci\u00f3n a su eficacia, su disponibilidad y c\u00f3mo ser\u00e1 financiada. <\/p>\n<p>Seg\u00fan la OMS, unas 627.000 personas murieron en todo el mundo por la malaria en 2013, la mayor\u00eda en \u00c1frica y entre ni\u00f1os de menos de cinco a\u00f1os.<\/p>\n<p>En los estudios cl\u00ednicos llevados a cabo en siete pa\u00edses africanos, la vacuna demostr\u00f3 ofrecer una \u00abprotecci\u00f3n modesta\u00bb contra el tipo de malaria m\u00e1s frecuente, causada por el par\u00e1sito Plasmodium falciparum. Por ello, es posible que no sea eficaz contra el Plasmodium Vivax, m\u00e1s presente en los mosquitos que pican en Am\u00e9rica Latina.<\/p>\n<p><a href=\"http:\/\/www.un.org\/spanish\/News\/story.asp?newsID=32890\" title=\"Los reguladores europeos dan la luz verde a la primera vacuna contra la malaria\"><br \/>\nCentro de noticias de la ONU<\/a><\/p>\n","protected":false},"excerpt":{"rendered":"<p>La Organizaci\u00f3n Mundial de la Salud (OMS) acogi\u00f3 hoy con  [&#8230;]<\/p>\n","protected":false},"author":37,"featured_media":3571,"comment_status":"closed","ping_status":"closed","sticky":false,"template":"","format":"standard","meta":{"_et_pb_use_builder":"","_et_pb_old_content":"","_et_gb_content_width":"","footnotes":""},"categories":[16,11],"tags":[],"class_list":["post-3568","post","type-post","status-publish","format-standard","has-post-thumbnail","hentry","category-news","category-health"],"_links":{"self":[{"href":"https:\/\/www.un.org\/sustainabledevelopment\/es\/wp-json\/wp\/v2\/posts\/3568","targetHints":{"allow":["GET"]}}],"collection":[{"href":"https:\/\/www.un.org\/sustainabledevelopment\/es\/wp-json\/wp\/v2\/posts"}],"about":[{"href":"https:\/\/www.un.org\/sustainabledevelopment\/es\/wp-json\/wp\/v2\/types\/post"}],"author":[{"embeddable":true,"href":"https:\/\/www.un.org\/sustainabledevelopment\/es\/wp-json\/wp\/v2\/users\/37"}],"replies":[{"embeddable":true,"href":"https:\/\/www.un.org\/sustainabledevelopment\/es\/wp-json\/wp\/v2\/comments?post=3568"}],"version-history":[{"count":0,"href":"https:\/\/www.un.org\/sustainabledevelopment\/es\/wp-json\/wp\/v2\/posts\/3568\/revisions"}],"wp:featuredmedia":[{"embeddable":true,"href":"https:\/\/www.un.org\/sustainabledevelopment\/es\/wp-json\/wp\/v2\/media\/3571"}],"wp:attachment":[{"href":"https:\/\/www.un.org\/sustainabledevelopment\/es\/wp-json\/wp\/v2\/media?parent=3568"}],"wp:term":[{"taxonomy":"category","embeddable":true,"href":"https:\/\/www.un.org\/sustainabledevelopment\/es\/wp-json\/wp\/v2\/categories?post=3568"},{"taxonomy":"post_tag","embeddable":true,"href":"https:\/\/www.un.org\/sustainabledevelopment\/es\/wp-json\/wp\/v2\/tags?post=3568"}],"curies":[{"name":"wp","href":"https:\/\/api.w.org\/{rel}","templated":true}]}}