  {"id":3634,"date":"2015-08-03T16:15:53","date_gmt":"2015-08-03T20:15:53","guid":{"rendered":"http:\/\/www.un.org\/sustainabledevelopment\/es\/?p=3634"},"modified":"2017-11-13T16:02:15","modified_gmt":"2017-11-13T21:02:15","slug":"podemos-ser-la-primera-generacion-en-acabar-con-la-pobreza-asegura-ban-ki-moon","status":"publish","type":"post","link":"https:\/\/www.un.org\/sustainabledevelopment\/es\/2015\/08\/podemos-ser-la-primera-generacion-en-acabar-con-la-pobreza-asegura-ban-ki-moon\/","title":{"rendered":"\u00abPodemos ser la primera generaci\u00f3n en acabar con la pobreza\u00bb, asegura Ban Ki-moon"},"content":{"rendered":"<p>El Secretario General de Naciones Unidas inst\u00f3 hoy, en una rueda de prensa en Nueva York, a que la comunidad internacional colabore para hacer que la nueva agenda de desarrollo global, que fue aprobada el domingo por los Estados miembros, vaya m\u00e1s all\u00e1 del papel y se haga realidad en la vida de las personas.<\/p>\n<p>\u00abEsto es verdaderamente una Agenda de la Gente y es un plan de acci\u00f3n para acabar con la pobreza y construir una vida digna para todos sin dejar a nadie atr\u00e1s. Tambi\u00e9n es un llamamiento a intensificar los esfuerzos para sanar a nuestro planeta para el beneficio de esta y futuras generaciones\u00bb, dijo Ban Ki-moon.<\/p>\n<p>Los nuevos objetivos fueron debatidos por la sociedad civil y los Estados miembros de la ONU durante m\u00e1s de tres a\u00f1os. El Titular de la ONU record\u00f3 que el proceso comenz\u00f3 con la Cumbre R\u00edo +20 en 2012, hasta convertirse en el proceso de negociaci\u00f3n que calific\u00f3 como el m\u00e1s inclusivo y transparente de la historia del Organismo.<\/p>\n<p>Los 17 objetivos de desarrollo sostenible, que incluyen 169 metas, reemplazan a los objetivos de desarrollo del milenio, que expiran a fines de a\u00f1o. La nueva agenda entrar\u00e1 en vigor el 1 de enero de 2016.<\/p>\n<p>La nueva agenda reconoce que no es posible alcanzar los objetivos sin abordar las graves crisis humanitarias y de derechos humanos en el mundo. Por eso, Ban pidi\u00f3 el compromiso de todos para actuar como ciudadanos responsables, protegiendo a los m\u00e1s vulnerables y conservando los ecosistemas del planeta.<\/p>\n<p>\u201cPodemos ser la primera generaci\u00f3n en acabar con la pobreza global y la \u00faltima generaci\u00f3n en prevenir las peores consecuencias del calentamiento antes de que sea demasiado tarde\u201d, dijo el Secretario General.<\/p>\n<p>Ahora los objetivos deben ser formalmente aprobados por los jefes de Estado y de Gobierno durante una cumbre especial en la sede de la ONU entre el 25 y 27 de septiembre.<\/p>\n<p>Ban se\u00f1al\u00f3 que, junto al acuerdo para financiar las pol\u00edticas de desarrollo alcanzado el mes pasado en Adis Abbeba, este pacto supone el comienzo de una nueva era.<\/p>\n<p><a title=\"\u00abPodemos ser la primera generaci\u00f3n en acabar con la pobreza\u00bb, asegura Ban Ki-moon\" href=\"http:\/\/www.un.org\/spanish\/News\/story.asp?NewsID=32959http:\/\/\">Centro de noticias de la ONU<\/a><\/p>\n","protected":false},"excerpt":{"rendered":"<p>El Secretario General de Naciones Unidas inst\u00f3 hoy, en una  [&#8230;]<\/p>\n","protected":false},"author":37,"featured_media":3637,"comment_status":"closed","ping_status":"closed","sticky":false,"template":"","format":"standard","meta":{"_et_pb_use_builder":"","_et_pb_old_content":"","_et_gb_content_width":"","footnotes":""},"categories":[16,33,31],"tags":[],"class_list":["post-3634","post","type-post","status-publish","format-standard","has-post-thumbnail","hentry","category-news","category-programa-de-desarrollo-sostenible","category-secretario-general"],"_links":{"self":[{"href":"https:\/\/www.un.org\/sustainabledevelopment\/es\/wp-json\/wp\/v2\/posts\/3634","targetHints":{"allow":["GET"]}}],"collection":[{"href":"https:\/\/www.un.org\/sustainabledevelopment\/es\/wp-json\/wp\/v2\/posts"}],"about":[{"href":"https:\/\/www.un.org\/sustainabledevelopment\/es\/wp-json\/wp\/v2\/types\/post"}],"author":[{"embeddable":true,"href":"https:\/\/www.un.org\/sustainabledevelopment\/es\/wp-json\/wp\/v2\/users\/37"}],"replies":[{"embeddable":true,"href":"https:\/\/www.un.org\/sustainabledevelopment\/es\/wp-json\/wp\/v2\/comments?post=3634"}],"version-history":[{"count":0,"href":"https:\/\/www.un.org\/sustainabledevelopment\/es\/wp-json\/wp\/v2\/posts\/3634\/revisions"}],"wp:featuredmedia":[{"embeddable":true,"href":"https:\/\/www.un.org\/sustainabledevelopment\/es\/wp-json\/wp\/v2\/media\/3637"}],"wp:attachment":[{"href":"https:\/\/www.un.org\/sustainabledevelopment\/es\/wp-json\/wp\/v2\/media?parent=3634"}],"wp:term":[{"taxonomy":"category","embeddable":true,"href":"https:\/\/www.un.org\/sustainabledevelopment\/es\/wp-json\/wp\/v2\/categories?post=3634"},{"taxonomy":"post_tag","embeddable":true,"href":"https:\/\/www.un.org\/sustainabledevelopment\/es\/wp-json\/wp\/v2\/tags?post=3634"}],"curies":[{"name":"wp","href":"https:\/\/api.w.org\/{rel}","templated":true}]}}