  {"id":3664,"date":"2015-08-06T12:03:42","date_gmt":"2015-08-06T16:03:42","guid":{"rendered":"http:\/\/www.un.org\/sustainabledevelopment\/es\/?p=3664"},"modified":"2017-11-13T16:02:14","modified_gmt":"2017-11-13T21:02:14","slug":"los-precios-de-los-alimentos-registraron-su-nivel-mas-bajo-en-seis-anos","status":"publish","type":"post","link":"https:\/\/www.un.org\/sustainabledevelopment\/es\/2015\/08\/los-precios-de-los-alimentos-registraron-su-nivel-mas-bajo-en-seis-anos\/","title":{"rendered":"Los precios de los alimentos registraron su nivel m\u00e1s bajo en seis a\u00f1os"},"content":{"rendered":"<p>Los precios promedios de los alimentos registraron durante el mes de julio el nivel m\u00e1s bajo desde septiembre de 2009, seg\u00fan el \u00edndice elaborado por la Organizaci\u00f3n de Naciones Unidas para la Alimentaci\u00f3n y la Agricultura (FAO).<\/p>\n<p>Los l\u00e1cteos y los aceites vegetales fueron los productos que disminuyeron m\u00e1s, aunque el az\u00facar y los cereales aumentaron. La carne, por su parte, mantuvo un precio estable.<\/p>\n<p>La FAO inform\u00f3 que las bajas de los l\u00e1cteos se debieron a una menor demanda de importaciones en China, Oriente Medio y \u00c1frica del Norte, as\u00ed como a una abundante producci\u00f3n de leche en la Uni\u00f3n Europea.<\/p>\n<p>Los precios de los aceites vegetales disminuyeron a causa del aumento de la producci\u00f3n de aceite de palma en el sureste asi\u00e1tico y a los suministros abundantes de aceite de soja sudamericano.<\/p>\n<p>La FAO indic\u00f3 que la reducci\u00f3n de los precios en julio fue de 1% con respecto al mes anterior y estuvo 19,4% por debajo del mismo periodo en 2014.<\/p>\n<p>El \u00edndice de la FAO se elabora con los datos de intercambios comerciales y el seguimiento de los cinco principales grupos de alimentos b\u00e1sicos en los mercados internacionales: cereales, carne, productos l\u00e1cteos, aceites vegetales y az\u00facar.<\/p>\n<p><a href=\"http:\/\/www.un.org\/spanish\/News\/story.asp?NewsID=32984\" title=\"Los precios de los alimentos registraron su nivel m\u00e1s bajo en seis a\u00f1os\">Centro de noticias de la ONU<\/a><\/p>\n","protected":false},"excerpt":{"rendered":"<p>Los precios promedios de los alimentos registraron durante el mes  [&#8230;]<\/p>\n","protected":false},"author":37,"featured_media":3665,"comment_status":"closed","ping_status":"closed","sticky":false,"template":"","format":"standard","meta":{"_et_pb_use_builder":"","_et_pb_old_content":"","_et_gb_content_width":"","footnotes":""},"categories":[12,16],"tags":[],"class_list":["post-3664","post","type-post","status-publish","format-standard","has-post-thumbnail","hentry","category-hunger","category-news"],"_links":{"self":[{"href":"https:\/\/www.un.org\/sustainabledevelopment\/es\/wp-json\/wp\/v2\/posts\/3664","targetHints":{"allow":["GET"]}}],"collection":[{"href":"https:\/\/www.un.org\/sustainabledevelopment\/es\/wp-json\/wp\/v2\/posts"}],"about":[{"href":"https:\/\/www.un.org\/sustainabledevelopment\/es\/wp-json\/wp\/v2\/types\/post"}],"author":[{"embeddable":true,"href":"https:\/\/www.un.org\/sustainabledevelopment\/es\/wp-json\/wp\/v2\/users\/37"}],"replies":[{"embeddable":true,"href":"https:\/\/www.un.org\/sustainabledevelopment\/es\/wp-json\/wp\/v2\/comments?post=3664"}],"version-history":[{"count":0,"href":"https:\/\/www.un.org\/sustainabledevelopment\/es\/wp-json\/wp\/v2\/posts\/3664\/revisions"}],"wp:featuredmedia":[{"embeddable":true,"href":"https:\/\/www.un.org\/sustainabledevelopment\/es\/wp-json\/wp\/v2\/media\/3665"}],"wp:attachment":[{"href":"https:\/\/www.un.org\/sustainabledevelopment\/es\/wp-json\/wp\/v2\/media?parent=3664"}],"wp:term":[{"taxonomy":"category","embeddable":true,"href":"https:\/\/www.un.org\/sustainabledevelopment\/es\/wp-json\/wp\/v2\/categories?post=3664"},{"taxonomy":"post_tag","embeddable":true,"href":"https:\/\/www.un.org\/sustainabledevelopment\/es\/wp-json\/wp\/v2\/tags?post=3664"}],"curies":[{"name":"wp","href":"https:\/\/api.w.org\/{rel}","templated":true}]}}