  {"id":3731,"date":"2015-08-13T11:52:47","date_gmt":"2015-08-13T15:52:47","guid":{"rendered":"http:\/\/www.un.org\/sustainabledevelopment\/es\/?p=3731"},"modified":"2017-11-13T16:02:13","modified_gmt":"2017-11-13T21:02:13","slug":"autoridades-regionales-revisan-la-importancia-de-la-planificacion-para-la-nueva-agenda-de-desarrollo","status":"publish","type":"post","link":"https:\/\/www.un.org\/sustainabledevelopment\/es\/2015\/08\/autoridades-regionales-revisan-la-importancia-de-la-planificacion-para-la-nueva-agenda-de-desarrollo\/","title":{"rendered":"Autoridades regionales revisan la importancia de la planificaci\u00f3n para la nueva agenda de desarrollo"},"content":{"rendered":"<p> Autoridades y expertos de Am\u00e9rica Latina y el Caribe reunidos en un seminario en la sede de la CEPAL en Santiago de Chile analizaron el papel de la planificaci\u00f3n en la implementaci\u00f3n y seguimiento de la nueva agenda 2030 para el desarrollo.<\/p>\n<p>La reuni\u00f3n del mi\u00e9rcoles fue inaugurada por Antonio Prado, Secretario Ejecutivo Adjunto de la Comisi\u00f3n Econ\u00f3mica para Am\u00e9rica Latina y el Caribe (CEPAL), quien ofreci\u00f3 un panorama de la situaci\u00f3n econ\u00f3mica, social y ambiental de la regi\u00f3n y comparti\u00f3 la visi\u00f3n del organismo sobre la agenda 2030 y su impacto en la planificaci\u00f3n. <\/p>\n<p>El \u00e9xito de los 17 Objetivos de Desarrollo Sostenible (ODS), que se someter\u00e1n a la aprobaci\u00f3n de los pa\u00edses en septiembre, requiere de pol\u00edticas de planificaci\u00f3n en todos los niveles y en todos los sectores, explic\u00f3 Antonio Prado, quien remarc\u00f3 especialmente la importancia de la planificaci\u00f3n en el actual contexto de desaceleraci\u00f3n econ\u00f3mica que vive la regi\u00f3n.<\/p>\n<p>Indic\u00f3 que cuando se adopta una agenda de largo plazo resulta inevitable pasar por las distintas fases del ciclo econ\u00f3mico, desde la expansiva hasta la recesiva, por lo que la planificaci\u00f3n con visi\u00f3n de futuro se torna crucial para cumplir los objetivos trazados.<\/p>\n<p>Durante su presentaci\u00f3n, Prado plante\u00f3 la necesidad de movilizar recursos nacionales, regionales, multilaterales e internacionales para la agenda 2030, y destac\u00f3 la existencia de una arquitectura regional para su implementaci\u00f3n y seguimiento.<\/p>\n<p>En ese sentido, mencion\u00f3 la existencia de algunos espacios regionales y subregionales de integraci\u00f3n as\u00ed como los distintos \u00f3rganos subsidiarios de la CEPAL, entre ellos, el CRP, el Comit\u00e9 de Desarrollo y Cooperaci\u00f3n del Caribe y las conferencias sobre Estad\u00edstica, Poblaci\u00f3n, Mujer, Desarrollo Social y Ciencia, Innovaci\u00f3n y las TIC.<\/p>\n<p><a href=\"http:\/\/www.un.org\/spanish\/News\/story.asp?NewsID=33043\" title=\"Autoridades regionales revisan la importancia de la planificaci\u00f3n para la nueva agenda de desarrollo\">Centro de noticias de la ONU<\/a><\/p>\n","protected":false},"excerpt":{"rendered":"<p>Autoridades y expertos de Am\u00e9rica Latina y el Caribe reunidos  [&#8230;]<\/p>\n","protected":false},"author":37,"featured_media":3741,"comment_status":"closed","ping_status":"closed","sticky":false,"template":"","format":"standard","meta":{"_et_pb_use_builder":"","_et_pb_old_content":"","_et_gb_content_width":"","footnotes":""},"categories":[16,33],"tags":[],"class_list":["post-3731","post","type-post","status-publish","format-standard","has-post-thumbnail","hentry","category-news","category-programa-de-desarrollo-sostenible"],"_links":{"self":[{"href":"https:\/\/www.un.org\/sustainabledevelopment\/es\/wp-json\/wp\/v2\/posts\/3731","targetHints":{"allow":["GET"]}}],"collection":[{"href":"https:\/\/www.un.org\/sustainabledevelopment\/es\/wp-json\/wp\/v2\/posts"}],"about":[{"href":"https:\/\/www.un.org\/sustainabledevelopment\/es\/wp-json\/wp\/v2\/types\/post"}],"author":[{"embeddable":true,"href":"https:\/\/www.un.org\/sustainabledevelopment\/es\/wp-json\/wp\/v2\/users\/37"}],"replies":[{"embeddable":true,"href":"https:\/\/www.un.org\/sustainabledevelopment\/es\/wp-json\/wp\/v2\/comments?post=3731"}],"version-history":[{"count":0,"href":"https:\/\/www.un.org\/sustainabledevelopment\/es\/wp-json\/wp\/v2\/posts\/3731\/revisions"}],"wp:featuredmedia":[{"embeddable":true,"href":"https:\/\/www.un.org\/sustainabledevelopment\/es\/wp-json\/wp\/v2\/media\/3741"}],"wp:attachment":[{"href":"https:\/\/www.un.org\/sustainabledevelopment\/es\/wp-json\/wp\/v2\/media?parent=3731"}],"wp:term":[{"taxonomy":"category","embeddable":true,"href":"https:\/\/www.un.org\/sustainabledevelopment\/es\/wp-json\/wp\/v2\/categories?post=3731"},{"taxonomy":"post_tag","embeddable":true,"href":"https:\/\/www.un.org\/sustainabledevelopment\/es\/wp-json\/wp\/v2\/tags?post=3731"}],"curies":[{"name":"wp","href":"https:\/\/api.w.org\/{rel}","templated":true}]}}