  {"id":3761,"date":"2015-08-14T15:51:42","date_gmt":"2015-08-14T19:51:42","guid":{"rendered":"http:\/\/www.un.org\/sustainabledevelopment\/es\/?p=3761"},"modified":"2017-11-13T16:02:12","modified_gmt":"2017-11-13T21:02:12","slug":"la-oms-pide-proteger-a-los-trabajadores-de-la-salud-con-motivo-del-dia-de-la-asistencia-humanitaria","status":"publish","type":"post","link":"https:\/\/www.un.org\/sustainabledevelopment\/es\/2015\/08\/la-oms-pide-proteger-a-los-trabajadores-de-la-salud-con-motivo-del-dia-de-la-asistencia-humanitaria\/","title":{"rendered":"La OMS pide proteger a los trabajadores de la salud con motivo del D\u00eda de la Asistencia Humanitaria"},"content":{"rendered":"<p>La Organizaci\u00f3n Mundial de la Salud (OMS) destac\u00f3 la labor vital de los trabajadores sanitarios en los escenarios de conflicto y crisis, y pidi\u00f3 que se les respete y proteja para que contin\u00faen desempe\u00f1ando sus tareas humanitarias.<\/p>\n<p>En v\u00edsperas de la celebraci\u00f3n del D\u00eda Mundial de la Asistencia Humanitaria, la OMS se refiri\u00f3 a los repetidos ataques a las instalaciones de salud y sus empleados, y record\u00f3 a los Estados y actores no estatales beligerantes que las leyes internacionales ordenan su protecci\u00f3n.<\/p>\n<p>Tan s\u00f3lo en 2014 se registraron 372 de esos ataques en 32 pa\u00edses, dejando muertos a 603 trabajadores de salud.<\/p>\n<p>La directora general de la OMS, Margaret Chan, subray\u00f3 el compromiso de salvar vidas y reducir el sufrimiento que tienen esos trabajadores y que cumplen con gran valent\u00eda y profesionalismo pese a los grandes riesgos que a menudo afrontan.<\/p>\n<blockquote><p>\u00abLos trabajadores de salud tienen la obligaci\u00f3n de tratar a los enfermos y heridos sin discriminaci\u00f3n. Todas las partes en conflicto deben respetar esa obligaci\u00f3n\u00bb, puntualiz\u00f3 Chan.<\/p><\/blockquote>\n<p>Para honrar la labor del personal de salud, la OMS lanzar\u00e1 una plataforma en l\u00ednea que reconocer\u00e1 los esfuerzos de doctores, enfermeras y otros empleados del sector.<\/p>\n<p>La campa\u00f1a en l\u00ednea #ThanksHealthHero invitar\u00e1 a la gente de todo el mundo a enviar por las redes sociales mensajes de agradecimiento a esos trabajadores. Esa campa\u00f1a iniciar\u00e1 el 19 de agosto, D\u00eda Mundial de la Asistencia Humanitaria, y durar\u00e1 hasta mayo de 2016.<\/p>\n<p>En su mensaje para el D\u00eda Mundial de la Asistencia Humanitaria, la OMS tambi\u00e9n subray\u00f3 las dificultades financieras que tienen las agencias de salud. <\/p>\n<p>Actualmente la OMS y sus socios precisan 1.700 millones de d\u00f3lares para continuar sus operaciones en 32 escenarios de emergencia que afectan a 60 millones de personas. La OMS en particular necesita m\u00e1s de 530 millones de d\u00f3lares, de los cuales ha recibido apenas el 30%.<\/p>\n<p><a href=\"http:\/\/www.un.org\/spanish\/News\/story.asp?NewsID=33052\" title=\"La OMS pide proteger a los trabajadores de la salud con motivo del D\u00eda de la Asistencia Humanitaria\"><br \/>\nCentro de noticias de la ONU<\/a><\/p>\n","protected":false},"excerpt":{"rendered":"<p>La Organizaci\u00f3n Mundial de la Salud (OMS) destac\u00f3 la labor  [&#8230;]<\/p>\n","protected":false},"author":37,"featured_media":3766,"comment_status":"closed","ping_status":"closed","sticky":false,"template":"","format":"standard","meta":{"_et_pb_use_builder":"","_et_pb_old_content":"","_et_gb_content_width":"","footnotes":""},"categories":[16,11],"tags":[],"class_list":["post-3761","post","type-post","status-publish","format-standard","has-post-thumbnail","hentry","category-news","category-health"],"_links":{"self":[{"href":"https:\/\/www.un.org\/sustainabledevelopment\/es\/wp-json\/wp\/v2\/posts\/3761","targetHints":{"allow":["GET"]}}],"collection":[{"href":"https:\/\/www.un.org\/sustainabledevelopment\/es\/wp-json\/wp\/v2\/posts"}],"about":[{"href":"https:\/\/www.un.org\/sustainabledevelopment\/es\/wp-json\/wp\/v2\/types\/post"}],"author":[{"embeddable":true,"href":"https:\/\/www.un.org\/sustainabledevelopment\/es\/wp-json\/wp\/v2\/users\/37"}],"replies":[{"embeddable":true,"href":"https:\/\/www.un.org\/sustainabledevelopment\/es\/wp-json\/wp\/v2\/comments?post=3761"}],"version-history":[{"count":0,"href":"https:\/\/www.un.org\/sustainabledevelopment\/es\/wp-json\/wp\/v2\/posts\/3761\/revisions"}],"wp:featuredmedia":[{"embeddable":true,"href":"https:\/\/www.un.org\/sustainabledevelopment\/es\/wp-json\/wp\/v2\/media\/3766"}],"wp:attachment":[{"href":"https:\/\/www.un.org\/sustainabledevelopment\/es\/wp-json\/wp\/v2\/media?parent=3761"}],"wp:term":[{"taxonomy":"category","embeddable":true,"href":"https:\/\/www.un.org\/sustainabledevelopment\/es\/wp-json\/wp\/v2\/categories?post=3761"},{"taxonomy":"post_tag","embeddable":true,"href":"https:\/\/www.un.org\/sustainabledevelopment\/es\/wp-json\/wp\/v2\/tags?post=3761"}],"curies":[{"name":"wp","href":"https:\/\/api.w.org\/{rel}","templated":true}]}}