  {"id":4001,"date":"2015-08-25T15:33:00","date_gmt":"2015-08-25T19:33:00","guid":{"rendered":"http:\/\/www.un.org\/sustainabledevelopment\/es\/?p=4001"},"modified":"2017-11-13T16:02:07","modified_gmt":"2017-11-13T21:02:07","slug":"el-cambio-climatico-y-el-extremismo-violento-el-centro-de-la-reunion-de-ban-ki-moon-y-hollande","status":"publish","type":"post","link":"https:\/\/www.un.org\/sustainabledevelopment\/es\/2015\/08\/el-cambio-climatico-y-el-extremismo-violento-el-centro-de-la-reunion-de-ban-ki-moon-y-hollande\/","title":{"rendered":"El cambio clim\u00e1tico y el extremismo violento, el centro de la reuni\u00f3n de Ban Ki-moon y Hollande"},"content":{"rendered":"<p>El Secretario General se reuni\u00f3 hoy en Par\u00eds con el presidente de Francia, Fran\u00e7ois Hollande.<\/p>\n<p>Entre otros temas, discutieron los \u00faltimos preparativos de cara a la Cumbre de Cambio Clim\u00e1tico que se celebrar\u00e1 en la capital francesa en diciembre, as\u00ed como cu\u00e1les ser\u00e1n las medidas a tomar para garantizar el \u00e9xito de sus ambiciosas metas. <\/p>\n<p>Uno de sus objetivos es conseguir el compromiso y participaci\u00f3n de los jefes de Estado y gobierno en todo lo relacionado al cambio clim\u00e1tico, por ejemplo durante la 70\u00aa sesi\u00f3n de la Asamblea General en Nueva York en septiembre. Tambi\u00e9n se pusieron de acuerdo sobre la importancia de generar se\u00f1ales sobre el paquete de financiaci\u00f3n para la conferencia lo antes posible.<\/p>\n<p>Asimismo repasaron importantes crisis mundiales, entre ellas la situaci\u00f3n en Ucrania, Siria, Libia y el proceso de paz en Medio Oriente.<\/p>\n<p>Sobre la Rep\u00fablica Centroafricana, encomiaron el progreso hacia las elecciones y la restauraci\u00f3n de la seguridad. Ban Ki-moon insiti\u00f3 en su determinaci\u00f3n de abordar los problemas de abuso y explotaci\u00f3n sexual por parte de las tropas de paz.<\/p>\n<p>Hollande y el Titular de la ONU, que acaba de visitar Nigeria, tambi\u00e9n compartieron su preocupaci\u00f3n por el avance de Boko Haram en la regi\u00f3n y la necesidad de hacer frente al extremismo violento en todo el mundo.<\/p>\n<p><a href=\"http:\/\/www.un.org\/spanish\/News\/story.asp?newsID=33128\" title=\"El cambio clim\u00e1tico y el extremismo violento, el centro de la reuni\u00f3n de Ban Ki-moon y Hollande\">Centro de noticias de la ONU<\/a><\/p>\n","protected":false},"excerpt":{"rendered":"<p>El Secretario General se reuni\u00f3 hoy en Par\u00eds con el  [&#8230;]<\/p>\n","protected":false},"author":37,"featured_media":4061,"comment_status":"closed","ping_status":"closed","sticky":false,"template":"","format":"standard","meta":{"_et_pb_use_builder":"","_et_pb_old_content":"","_et_gb_content_width":"","footnotes":""},"categories":[5,16],"tags":[],"class_list":["post-4001","post","type-post","status-publish","format-standard","has-post-thumbnail","hentry","category-climate-change","category-news"],"_links":{"self":[{"href":"https:\/\/www.un.org\/sustainabledevelopment\/es\/wp-json\/wp\/v2\/posts\/4001","targetHints":{"allow":["GET"]}}],"collection":[{"href":"https:\/\/www.un.org\/sustainabledevelopment\/es\/wp-json\/wp\/v2\/posts"}],"about":[{"href":"https:\/\/www.un.org\/sustainabledevelopment\/es\/wp-json\/wp\/v2\/types\/post"}],"author":[{"embeddable":true,"href":"https:\/\/www.un.org\/sustainabledevelopment\/es\/wp-json\/wp\/v2\/users\/37"}],"replies":[{"embeddable":true,"href":"https:\/\/www.un.org\/sustainabledevelopment\/es\/wp-json\/wp\/v2\/comments?post=4001"}],"version-history":[{"count":0,"href":"https:\/\/www.un.org\/sustainabledevelopment\/es\/wp-json\/wp\/v2\/posts\/4001\/revisions"}],"wp:featuredmedia":[{"embeddable":true,"href":"https:\/\/www.un.org\/sustainabledevelopment\/es\/wp-json\/wp\/v2\/media\/4061"}],"wp:attachment":[{"href":"https:\/\/www.un.org\/sustainabledevelopment\/es\/wp-json\/wp\/v2\/media?parent=4001"}],"wp:term":[{"taxonomy":"category","embeddable":true,"href":"https:\/\/www.un.org\/sustainabledevelopment\/es\/wp-json\/wp\/v2\/categories?post=4001"},{"taxonomy":"post_tag","embeddable":true,"href":"https:\/\/www.un.org\/sustainabledevelopment\/es\/wp-json\/wp\/v2\/tags?post=4001"}],"curies":[{"name":"wp","href":"https:\/\/api.w.org\/{rel}","templated":true}]}}