  {"id":4306,"date":"2015-09-02T12:53:59","date_gmt":"2015-09-02T16:53:59","guid":{"rendered":"http:\/\/www.un.org\/sustainabledevelopment\/es\/?p=4306"},"modified":"2017-11-13T16:02:01","modified_gmt":"2017-11-13T21:02:01","slug":"expertos-de-60-paises-participan-en-la-primera-cumbre-para-erradicar-la-hepatitis-viral","status":"publish","type":"post","link":"https:\/\/www.un.org\/sustainabledevelopment\/es\/2015\/09\/expertos-de-60-paises-participan-en-la-primera-cumbre-para-erradicar-la-hepatitis-viral\/","title":{"rendered":"Expertos de 60 pa\u00edses participan en la primera cumbre para erradicar la hepatitis viral"},"content":{"rendered":"<p>Por primera vez en la historia se celebra una cumbre mundial para abordar c\u00f3mo erradicar la hepatitis viral, enfermedad con la que viven 400 millones de personas y que mata a 1.4 millones anualmente. <\/p>\n<p>Expertos de m\u00e1s de 60 pa\u00edses asisten a una reuni\u00f3n de alto nivel que se celebra en Glasgow, Escocia, con el auspicio de la Organizaci\u00f3n Mundial de la Salud (OMS), y la Alianza Mundial contra la Hepatitis.<\/p>\n<p>La dolencia que afecta principalmente a pa\u00edses de ingresos bajos y medianos, tiene cinco virus y las de tipos B y C son responsables del 80% de todas las muertes provocadas por el c\u00e1ncer de h\u00edgado.<\/p>\n<p>Se estima que en \u00c1frica subsahariana hasta el 10 % de sus habitantes padecen cr\u00f3nicamente la hepatitis B y que tambi\u00e9n existen altas tasas de padecimiento en la Amazon\u00eda y en la parte sur de Asia Central y Oriental.<\/p>\n<p>Con la reuni\u00f3n que concluye el 4 de septiembre, la OMS y sus organizaciones asociadas quieren alentar a los pa\u00edses a desarrollar mejores estrategias contra la enfermedad que tomen en cuenta que existen vacunas seguras y efectivas para las hepatitis B y C.<\/p>\n<blockquote><p>\n\u00abSabemos c\u00f3mo prevenir la hepatitis viral, sin embargo los diagn\u00f3sticos o tratamientos son inaccesibles o inexistentes en muchas partes del mundo\u00bb, dijo el director del programa Mundial de la OMS para esa enfermedad, Gottfried Hirnschall.<\/p><\/blockquote>\n<p><a href=\"http:\/\/www.un.org\/spanish\/News\/story.asp?NewsID=33191\" title=\"Expertos de 60 pa\u00edses participan en la primera cumbre para erradicar la hepatitis viral \">Centro de noticias de la ONU<\/a><\/p>\n","protected":false},"excerpt":{"rendered":"<p>Por primera vez en la historia se celebra una cumbre  [&#8230;]<\/p>\n","protected":false},"author":37,"featured_media":1179,"comment_status":"closed","ping_status":"closed","sticky":false,"template":"","format":"standard","meta":{"_et_pb_use_builder":"","_et_pb_old_content":"","_et_gb_content_width":"","footnotes":""},"categories":[16,11],"tags":[],"class_list":["post-4306","post","type-post","status-publish","format-standard","has-post-thumbnail","hentry","category-news","category-health"],"_links":{"self":[{"href":"https:\/\/www.un.org\/sustainabledevelopment\/es\/wp-json\/wp\/v2\/posts\/4306","targetHints":{"allow":["GET"]}}],"collection":[{"href":"https:\/\/www.un.org\/sustainabledevelopment\/es\/wp-json\/wp\/v2\/posts"}],"about":[{"href":"https:\/\/www.un.org\/sustainabledevelopment\/es\/wp-json\/wp\/v2\/types\/post"}],"author":[{"embeddable":true,"href":"https:\/\/www.un.org\/sustainabledevelopment\/es\/wp-json\/wp\/v2\/users\/37"}],"replies":[{"embeddable":true,"href":"https:\/\/www.un.org\/sustainabledevelopment\/es\/wp-json\/wp\/v2\/comments?post=4306"}],"version-history":[{"count":0,"href":"https:\/\/www.un.org\/sustainabledevelopment\/es\/wp-json\/wp\/v2\/posts\/4306\/revisions"}],"wp:featuredmedia":[{"embeddable":true,"href":"https:\/\/www.un.org\/sustainabledevelopment\/es\/wp-json\/wp\/v2\/media\/1179"}],"wp:attachment":[{"href":"https:\/\/www.un.org\/sustainabledevelopment\/es\/wp-json\/wp\/v2\/media?parent=4306"}],"wp:term":[{"taxonomy":"category","embeddable":true,"href":"https:\/\/www.un.org\/sustainabledevelopment\/es\/wp-json\/wp\/v2\/categories?post=4306"},{"taxonomy":"post_tag","embeddable":true,"href":"https:\/\/www.un.org\/sustainabledevelopment\/es\/wp-json\/wp\/v2\/tags?post=4306"}],"curies":[{"name":"wp","href":"https:\/\/api.w.org\/{rel}","templated":true}]}}