  {"id":4316,"date":"2015-09-08T09:42:38","date_gmt":"2015-09-08T13:42:38","guid":{"rendered":"http:\/\/www.un.org\/sustainabledevelopment\/es\/?p=4316"},"modified":"2017-11-13T16:01:59","modified_gmt":"2017-11-13T21:01:59","slug":"la-onu-lanza-una-campana-para-lanzar-los-objetivos-de-desarrollo-a-la-fama-mundial","status":"publish","type":"post","link":"https:\/\/www.un.org\/sustainabledevelopment\/es\/2015\/09\/la-onu-lanza-una-campana-para-lanzar-los-objetivos-de-desarrollo-a-la-fama-mundial\/","title":{"rendered":"La ONU lanza una campa\u00f1a para lanzar los objetivos de desarrollo a la fama mundial"},"content":{"rendered":"<p>El atleta Usain Bolt, la banda Coldplay y la actriz Meryl Streep son s\u00f3lo algunos de los nombres en la constelaci\u00f3n de estrellas de todo el mundo que se han unido con la intenci\u00f3n de que el lanzamiento de la nueva agenda de desarrollo sostenible de la ONU sea un \u00e9xito.<\/p>\n<p>La Campa\u00f1a Objetivos Globales se centrar\u00e1 en educar a todo el mundo sobre los esfuerzos para luchar contra la pobreza, la desigualdad y el cambio clim\u00e1tico.<\/p>\n<p>El objetivo es ambicioso: alcanzar a 7.000 millones de personas en 7 d\u00edas, a partir del 25 de septiembre.<\/p>\n<p>Durante la presentaci\u00f3n de la campa\u00f1a hoy en la sede de la ONU en Nueva York, la jefa del Departamento de Informaci\u00f3n P\u00fablica, Cristina Gallach, destac\u00f3 la importancia de que estos Objetivos Globales alcancen la fama mundial. \u00abSer famosos es absolutamente necesario para asegurarnos de que sean implementados y que podamos monitorear su aplicaci\u00f3n\u00bb.<\/p>\n<p>Se espera que los l\u00edderes mundiales adopten la nueva agenda de desarrollo sostenible este mes cuando se re\u00fanan en Nueva York antes de la 70 Asamblea General de la ONU.<\/p>\n<p>Amina Mohammed, asesora especial del Secretario General sobre desarrollo despu\u00e9s de 2015, explic\u00f3 c\u00f3mo un viaje reciente a Nigeria, su pa\u00eds natal, ilustra la importancia de la campa\u00f1a.<\/p>\n<p>\u00abViaj\u00e9 por carretera desde Abuja, pasando por mi ciudad, hasta territorio considerado de Boko Haram. Son lugares donde la gente ha perdido la vida y ha sido secuestrada. Pero al mismo tiempo vi la resistencia de la gente, c\u00f3mo sigue buscando la luz al final del t\u00fanel. Y eso hace que sea a\u00fan m\u00e1s importante que todo el mundo conozca esta serie de objetivos\u2026 que esto va a marcar una diferencia en sus vidas\u00bb.<br \/>\nEn una entrevista con radio ONU, el reconocido director Richard Curtis, conocido por \u00e9xitos de taquilla como \u00abCuatro Bodas y un Funeral\u00bb y que ha dirigido alguno de los filmes de la iniciativa multimedia, explic\u00f3 en qu\u00e9 consiste la campa\u00f1a.<\/p>\n<p>\u00abEs como una peque\u00f1a organizaci\u00f3n aut\u00f3noma que trata de encontrar todas las maneras de llegar a la gente y a partir de all\u00ed crear unos recursos. Lo que lanzamos hoy es el primer vistazo al paquete de recursos \u2013las pel\u00edculas, los libros, los p\u00f3sters\u2026 Intentamos contarles a todo el mundo todo lo que intentamos hacer y el mensaje es &#8216;escucha esto y cu\u00e9ntaselo a los dem\u00e1s&#8217;\u00bb.<\/p>\n<p>La idea, como dice al final del v\u00eddeo de la campa\u00f1a, es \u00abterminar la tarea\u00bb y mantener el impulso para que los objetivos del desarrollo sean m\u00e1s que ret\u00f3rica.<\/p>\n<p><a href=\"http:\/\/www.un.org\/spanish\/News\/story.asp?NewsID=33210\">Centro de noticias de la ONU<\/a><\/p>\n","protected":false},"excerpt":{"rendered":"<p>El atleta Usain Bolt, la banda Coldplay y la actriz  [&#8230;]<\/p>\n","protected":false},"author":34,"featured_media":4321,"comment_status":"closed","ping_status":"closed","sticky":false,"template":"","format":"standard","meta":{"_et_pb_use_builder":"","_et_pb_old_content":"","_et_gb_content_width":"","footnotes":""},"categories":[131,16,15,33],"tags":[],"class_list":["post-4316","post","type-post","status-publish","format-standard","has-post-thumbnail","hentry","category-destacadas-cumbre","category-news","category-mdgs","category-programa-de-desarrollo-sostenible"],"_links":{"self":[{"href":"https:\/\/www.un.org\/sustainabledevelopment\/es\/wp-json\/wp\/v2\/posts\/4316","targetHints":{"allow":["GET"]}}],"collection":[{"href":"https:\/\/www.un.org\/sustainabledevelopment\/es\/wp-json\/wp\/v2\/posts"}],"about":[{"href":"https:\/\/www.un.org\/sustainabledevelopment\/es\/wp-json\/wp\/v2\/types\/post"}],"author":[{"embeddable":true,"href":"https:\/\/www.un.org\/sustainabledevelopment\/es\/wp-json\/wp\/v2\/users\/34"}],"replies":[{"embeddable":true,"href":"https:\/\/www.un.org\/sustainabledevelopment\/es\/wp-json\/wp\/v2\/comments?post=4316"}],"version-history":[{"count":0,"href":"https:\/\/www.un.org\/sustainabledevelopment\/es\/wp-json\/wp\/v2\/posts\/4316\/revisions"}],"wp:featuredmedia":[{"embeddable":true,"href":"https:\/\/www.un.org\/sustainabledevelopment\/es\/wp-json\/wp\/v2\/media\/4321"}],"wp:attachment":[{"href":"https:\/\/www.un.org\/sustainabledevelopment\/es\/wp-json\/wp\/v2\/media?parent=4316"}],"wp:term":[{"taxonomy":"category","embeddable":true,"href":"https:\/\/www.un.org\/sustainabledevelopment\/es\/wp-json\/wp\/v2\/categories?post=4316"},{"taxonomy":"post_tag","embeddable":true,"href":"https:\/\/www.un.org\/sustainabledevelopment\/es\/wp-json\/wp\/v2\/tags?post=4316"}],"curies":[{"name":"wp","href":"https:\/\/api.w.org\/{rel}","templated":true}]}}