  {"id":4346,"date":"2015-09-08T10:42:04","date_gmt":"2015-09-08T14:42:04","guid":{"rendered":"http:\/\/www.un.org\/sustainabledevelopment\/es\/?p=4346"},"modified":"2015-09-08T10:42:04","modified_gmt":"2015-09-08T14:42:04","slug":"sin-la-eliminacion-de-las-desigualdades-no-se-avanzara-en-el-desarrollo-sostenible","status":"publish","type":"post","link":"https:\/\/www.un.org\/sustainabledevelopment\/es\/2015\/09\/sin-la-eliminacion-de-las-desigualdades-no-se-avanzara-en-el-desarrollo-sostenible\/","title":{"rendered":"Sin la eliminaci\u00f3n de las desigualdades, no se avanzar\u00e1 en el desarrollo sostenible"},"content":{"rendered":"<p>La crisis financiera de 2008 demostr\u00f3 con creces la vulnerabilidad en la que quedan los pa\u00edses de medianos y bajos ingresos cuando tiemblan los cimientos del sistema financiero mundial.<\/p>\n<p>La crisis, que comenz\u00f3 por el colapso de la burbuja inmobiliaria en Estados Unidos se contagi\u00f3 al sistema financiero de ese pa\u00eds y despu\u00e9s al sistema internacional. Adem\u00e1s de profundas dificultades de liquidez, estA provoc\u00f3 una crisis alimentaria global y severos derrumbes burs\u00e1tiles.<\/p>\n<p>En las negociaciones efectuadas en la Conferencia Rio + 20 celebrada en 2012 se tomaron en cuenta estos acontecimientos y se lleg\u00f3 a la conclusi\u00f3n de que no se podr\u00eda avanzar en la implantaci\u00f3n de un nuevo paradigma de desarrollo si no se consideraba el efecto negativo de las desigualdades en todos los niveles de las sociedades y entre los pa\u00edses.<\/p>\n<p><a href=\"http:\/\/www.unmultimedia.org\/radio\/spanish\/2015\/09\/sin-la-eliminacion-de-las-desigualdades-no-se-avanzara-en-el-desarrollo-sostenible\/#.Ve7yehFVhBc\">Radio de la ONU<\/a><\/p>\n","protected":false},"excerpt":{"rendered":"<p>La crisis financiera de 2008 demostr\u00f3 con creces la vulnerabilidad  [&#8230;]<\/p>\n","protected":false},"author":34,"featured_media":3022,"comment_status":"closed","ping_status":"closed","sticky":false,"template":"","format":"standard","meta":{"_et_pb_use_builder":"","_et_pb_old_content":"","_et_gb_content_width":"","footnotes":""},"categories":[6,13,46,12,16,15,33],"tags":[],"class_list":["post-4346","post","type-post","status-publish","format-standard","has-post-thumbnail","hentry","category-economic-growth","category-inequality","category-financiacion-para-el-desarrollo","category-hunger","category-news","category-mdgs","category-programa-de-desarrollo-sostenible"],"_links":{"self":[{"href":"https:\/\/www.un.org\/sustainabledevelopment\/es\/wp-json\/wp\/v2\/posts\/4346","targetHints":{"allow":["GET"]}}],"collection":[{"href":"https:\/\/www.un.org\/sustainabledevelopment\/es\/wp-json\/wp\/v2\/posts"}],"about":[{"href":"https:\/\/www.un.org\/sustainabledevelopment\/es\/wp-json\/wp\/v2\/types\/post"}],"author":[{"embeddable":true,"href":"https:\/\/www.un.org\/sustainabledevelopment\/es\/wp-json\/wp\/v2\/users\/34"}],"replies":[{"embeddable":true,"href":"https:\/\/www.un.org\/sustainabledevelopment\/es\/wp-json\/wp\/v2\/comments?post=4346"}],"version-history":[{"count":0,"href":"https:\/\/www.un.org\/sustainabledevelopment\/es\/wp-json\/wp\/v2\/posts\/4346\/revisions"}],"wp:featuredmedia":[{"embeddable":true,"href":"https:\/\/www.un.org\/sustainabledevelopment\/es\/wp-json\/wp\/v2\/media\/3022"}],"wp:attachment":[{"href":"https:\/\/www.un.org\/sustainabledevelopment\/es\/wp-json\/wp\/v2\/media?parent=4346"}],"wp:term":[{"taxonomy":"category","embeddable":true,"href":"https:\/\/www.un.org\/sustainabledevelopment\/es\/wp-json\/wp\/v2\/categories?post=4346"},{"taxonomy":"post_tag","embeddable":true,"href":"https:\/\/www.un.org\/sustainabledevelopment\/es\/wp-json\/wp\/v2\/tags?post=4346"}],"curies":[{"name":"wp","href":"https:\/\/api.w.org\/{rel}","templated":true}]}}