  {"id":4351,"date":"2015-09-08T12:14:24","date_gmt":"2015-09-08T16:14:24","guid":{"rendered":"http:\/\/www.un.org\/sustainabledevelopment\/es\/?p=4351"},"modified":"2017-11-13T16:01:59","modified_gmt":"2017-11-13T21:01:59","slug":"la-alfabetizacion-debe-figurar-en-el-corazon-de-la-nueva-agenda-de-desarrollo-segun-la-unesco","status":"publish","type":"post","link":"https:\/\/www.un.org\/sustainabledevelopment\/es\/2015\/09\/la-alfabetizacion-debe-figurar-en-el-corazon-de-la-nueva-agenda-de-desarrollo-segun-la-unesco\/","title":{"rendered":"La alfabetizaci\u00f3n debe figurar en el coraz\u00f3n de la nueva agenda de desarrollo, seg\u00fan la Ä¢¹½ÊÓÆµESCO"},"content":{"rendered":"<p>Naciones Unidas urgi\u00f3 hoy a sus Estados miembros a promover la alfabetizaci\u00f3n universal como un componente clave para alcanzar los nuevos Objetivos de Desarrollo Sostenible, que se adoptar\u00e1n este mes.<\/p>\n<p>Este es su mensaje para el D\u00eda Internacional de la Alfabetizaci\u00f3n, que se celebra todos los a\u00f1os el 8 de septiembre. Este a\u00f1o, la directora general de la Ä¢¹½ÊÓÆµESCO destac\u00f3 este derecho como un motor para la dignidad y una base para crear sociedades unidas y lograr un desarrollo sostenible.<\/p>\n<p>En un comunicado para la ocasi\u00f3n, Irina Bokova dijo que este a\u00f1o este mensaje es clave porque los Estados adoptar\u00e1n una nueva agenda para la educaci\u00f3n y el desarrollo que servir\u00e1 de gu\u00eda para los pr\u00f3ximos 15 a\u00f1os.<\/p>\n<p>\u00abPromover la alfabetizaci\u00f3n debe estar en el coraz\u00f3n de nuestra agenda\u00bb, indic\u00f3 la titular de Ä¢¹½ÊÓÆµESCO.<\/p>\n<p>Si bien se ha logrado un progreso importante desde 2000, quedan muchos desaf\u00edos por delante, record\u00f3 Bokova.<\/p>\n<p>\u00abHoy en d\u00eda, 757 millones de adultos siguen sin saber leer o escribir y dos tercios son mujeres\u00bb, alert\u00f3. El n\u00famero de ni\u00f1os y adolescentes que no asisten a la escuela est\u00e1 en alza, con 124 millones en todo el mundo.<\/p>\n<p>\u00abNo permitiremos que esto contin\u00fae\u00bb, dijo la directora general de la Ä¢¹½ÊÓÆµESCO.<\/p>\n<p>En su mensaje para el D\u00eda Internacional, el Secretario General de la ONU respald\u00f3 la noci\u00f3n de que la alfabetizaci\u00f3n es m\u00e1s necesaria que nunca en este momento.<\/p>\n<p> \u00abLa agenda para 2030 es ambiciosa y transformadora ya que se propone erradicar la pobreza, reducir la desigualdad y conservar nuestro planeta\u00bb, dijo Ban Ki-moon. \u00abTodas las personas analfabetas merecen una oportunidad para aprender a leer y escribir. Cuando se les brinda esa posibilidad, estamos creando sociedades m\u00e1s productivas, estables y seguras\u00bb, a\u00f1adi\u00f3.<\/p>\n<p>Como parte de la celebraci\u00f3n del D\u00eda Internacional, el programa de alfabetizaci\u00f3n de las personas encarceladas en Valpara\u00edso, en Chile, y otros centros penitenciarios del centro del pa\u00eds, recibir\u00e1 uno de los cinco premios Ä¢¹½ÊÓÆµESCO que el organismo otorga cada a\u00f1o. El galard\u00f3n incluye una donaci\u00f3n de 20.000 d\u00f3lares para el programa. <\/p>\n<p><a href=\"http:\/\/www.un.org\/spanish\/News\/story.asp?NewsID=33227\">Centro de noticias de la ONU<\/a><\/p>\n","protected":false},"excerpt":{"rendered":"<p>Naciones Unidas urgi\u00f3 hoy a sus Estados miembros a promover  [&#8230;]<\/p>\n","protected":false},"author":34,"featured_media":4356,"comment_status":"closed","ping_status":"closed","sticky":false,"template":"","format":"standard","meta":{"_et_pb_use_builder":"","_et_pb_old_content":"","_et_gb_content_width":"","footnotes":""},"categories":[7,16,33],"tags":[],"class_list":["post-4351","post","type-post","status-publish","format-standard","has-post-thumbnail","hentry","category-education","category-news","category-programa-de-desarrollo-sostenible"],"_links":{"self":[{"href":"https:\/\/www.un.org\/sustainabledevelopment\/es\/wp-json\/wp\/v2\/posts\/4351","targetHints":{"allow":["GET"]}}],"collection":[{"href":"https:\/\/www.un.org\/sustainabledevelopment\/es\/wp-json\/wp\/v2\/posts"}],"about":[{"href":"https:\/\/www.un.org\/sustainabledevelopment\/es\/wp-json\/wp\/v2\/types\/post"}],"author":[{"embeddable":true,"href":"https:\/\/www.un.org\/sustainabledevelopment\/es\/wp-json\/wp\/v2\/users\/34"}],"replies":[{"embeddable":true,"href":"https:\/\/www.un.org\/sustainabledevelopment\/es\/wp-json\/wp\/v2\/comments?post=4351"}],"version-history":[{"count":0,"href":"https:\/\/www.un.org\/sustainabledevelopment\/es\/wp-json\/wp\/v2\/posts\/4351\/revisions"}],"wp:featuredmedia":[{"embeddable":true,"href":"https:\/\/www.un.org\/sustainabledevelopment\/es\/wp-json\/wp\/v2\/media\/4356"}],"wp:attachment":[{"href":"https:\/\/www.un.org\/sustainabledevelopment\/es\/wp-json\/wp\/v2\/media?parent=4351"}],"wp:term":[{"taxonomy":"category","embeddable":true,"href":"https:\/\/www.un.org\/sustainabledevelopment\/es\/wp-json\/wp\/v2\/categories?post=4351"},{"taxonomy":"post_tag","embeddable":true,"href":"https:\/\/www.un.org\/sustainabledevelopment\/es\/wp-json\/wp\/v2\/tags?post=4351"}],"curies":[{"name":"wp","href":"https:\/\/api.w.org\/{rel}","templated":true}]}}