  {"id":4705,"date":"2015-09-15T15:15:05","date_gmt":"2015-09-15T19:15:05","guid":{"rendered":"http:\/\/www.un.org\/sustainabledevelopment\/es\/?p=4705"},"modified":"2017-11-13T16:01:51","modified_gmt":"2017-11-13T21:01:51","slug":"ban-ki-moon-ofrecera-conferencia-de-prensa-previa-al-debate-de-la-asamblea-general","status":"publish","type":"post","link":"https:\/\/www.un.org\/sustainabledevelopment\/es\/2015\/09\/ban-ki-moon-ofrecera-conferencia-de-prensa-previa-al-debate-de-la-asamblea-general\/","title":{"rendered":"Ban Ki-moon ofrecer\u00e1 conferencia de prensa previa al debate de la Asamblea General"},"content":{"rendered":"<p>Los temas que se discutir\u00e1n durante la Cumbre sobre Desarrollo Sostenible y el debate general del 70\u00ba per\u00edodo de sesiones de la Asamblea General de la ONU ser\u00e1n abordados en un conferencia de prensa del Secretario General de Naciones Unidas, Ban ki-moon, este mi\u00e9rcoles.<\/p>\n<p>El lunes concluy\u00f3 el 69\u00ba per\u00edodo de la Asamblea General. El presidente saliente, Sam Kutesa, afirm\u00f3 que la decisi\u00f3n sobre el contenido de los Objetivos de Desarrollo Sostenible fue lo m\u00e1s trascendental de su mandato. <\/p>\n<p>Por otro lado, las autoridades de Nueva York, ciudad sede de la ONU, han anunciado que se esmeran en las preparaciones y medidas para afrontar los retos de seguridad que implicar\u00e1n la visita del papa Francisco el viernes 25 de septiembre y la de unos 170 jefes de Estado o de Gobierno que han confirmado su asistencia a esos eventos.<\/p>\n<p>El alcalde de Nueva York, Bill Di Blassio, describi\u00f3 la preparaci\u00f3n para visita papal y para el debate general como algo \u00absin precedentes\u00bb, mientras que el Comisionado de la Polic\u00eda, Bill Bratton, afirm\u00f3 que la presencia de tantos l\u00edderes mundiales constituye \u00abel mayor reto de seguridad\u00bb en la historia de la ciudad.<\/p>\n<p><a href=\"http:\/\/www.un.org\/spanish\/News\/story.asp?NewsID=33283\" title=\"Ban Ki-moon ofrecer\u00e1 conferencia de prensa previa al debate de la Asamblea General\"><br \/>\nCentro de noticias de la ONU<\/a><\/p>\n","protected":false},"excerpt":{"rendered":"<p>Los temas que se discutir\u00e1n durante la Cumbre sobre Desarrollo  [&#8230;]<\/p>\n","protected":false},"author":37,"featured_media":4737,"comment_status":"closed","ping_status":"closed","sticky":false,"template":"","format":"standard","meta":{"_et_pb_use_builder":"","_et_pb_old_content":"","_et_gb_content_width":"","footnotes":""},"categories":[16,33],"tags":[],"class_list":["post-4705","post","type-post","status-publish","format-standard","has-post-thumbnail","hentry","category-news","category-programa-de-desarrollo-sostenible"],"_links":{"self":[{"href":"https:\/\/www.un.org\/sustainabledevelopment\/es\/wp-json\/wp\/v2\/posts\/4705","targetHints":{"allow":["GET"]}}],"collection":[{"href":"https:\/\/www.un.org\/sustainabledevelopment\/es\/wp-json\/wp\/v2\/posts"}],"about":[{"href":"https:\/\/www.un.org\/sustainabledevelopment\/es\/wp-json\/wp\/v2\/types\/post"}],"author":[{"embeddable":true,"href":"https:\/\/www.un.org\/sustainabledevelopment\/es\/wp-json\/wp\/v2\/users\/37"}],"replies":[{"embeddable":true,"href":"https:\/\/www.un.org\/sustainabledevelopment\/es\/wp-json\/wp\/v2\/comments?post=4705"}],"version-history":[{"count":0,"href":"https:\/\/www.un.org\/sustainabledevelopment\/es\/wp-json\/wp\/v2\/posts\/4705\/revisions"}],"wp:featuredmedia":[{"embeddable":true,"href":"https:\/\/www.un.org\/sustainabledevelopment\/es\/wp-json\/wp\/v2\/media\/4737"}],"wp:attachment":[{"href":"https:\/\/www.un.org\/sustainabledevelopment\/es\/wp-json\/wp\/v2\/media?parent=4705"}],"wp:term":[{"taxonomy":"category","embeddable":true,"href":"https:\/\/www.un.org\/sustainabledevelopment\/es\/wp-json\/wp\/v2\/categories?post=4705"},{"taxonomy":"post_tag","embeddable":true,"href":"https:\/\/www.un.org\/sustainabledevelopment\/es\/wp-json\/wp\/v2\/tags?post=4705"}],"curies":[{"name":"wp","href":"https:\/\/api.w.org\/{rel}","templated":true}]}}