  {"id":5106,"date":"2015-09-21T17:51:37","date_gmt":"2015-09-21T21:51:37","guid":{"rendered":"http:\/\/www.un.org\/sustainabledevelopment\/es\/?p=5106"},"modified":"2017-11-13T16:01:49","modified_gmt":"2017-11-13T21:01:49","slug":"comunidades-indigenas-latinoamericanas-entre-las-ganadoras-del-premio-ecuatorial","status":"publish","type":"post","link":"https:\/\/www.un.org\/sustainabledevelopment\/es\/2015\/09\/comunidades-indigenas-latinoamericanas-entre-las-ganadoras-del-premio-ecuatorial\/","title":{"rendered":"Comunidades ind\u00edgenas latinoamericanas entre las ganadoras del Premio Ecuatorial"},"content":{"rendered":"<p>Ocho comunidades de Am\u00e9rica del Sur y Central fueron elegidas entre las 21 iniciativas ganadoras del Premio Ecuatorial 2015, un galard\u00f3n internacional que reconoce los esfuerzos comunitarios para reducir la pobreza, proteger la naturaleza y fortalecer la capacidad de recuperaci\u00f3n frente al cambio clim\u00e1tico.<\/p>\n<p>Por Am\u00e9rica Latina, figuran Bolivia, Brasil, Colombia, y Honduras. Los otros ganadores provienen de \u00c1frica, Oriente Medio y Asia.<\/p>\n<p>El anuncio se hizo durante una conferencia de prensa organizada por el Programa de Naciones Unidas para el Desarrollo (PNUD) de la que particip\u00f3 el actor estadounidense y activista en temas de cambio clim\u00e1tico, Alec Baldwin.<\/p>\n<p>La administradora del PNUD, Helen Clark, subray\u00f3 el importante aporte de las comunidades locales y los pueblos ind\u00edgenas en la protecci\u00f3n de los bosques, los recursos naturales y el derecho a la tierra, que revierten en bienestar del medio ambiente y el desarrollo sostenible.<\/p>\n<blockquote><p>\n\u00abEntre los ganadores de este a\u00f1o se encuentran algunos que usan drones y tel\u00e9fonos inteligentes, otros practican agricultura org\u00e1nica y otros promueven la resoluci\u00f3n pac\u00edfica de conflictos. Algunos han tenido \u00e9xito en asegurar el derecho a la tierra para cientos de comunidades\u00bb, detall\u00f3 Clark.<\/p><\/blockquote>\n<p>Por su parte, Alec Baldwin , aplaudi\u00f3 los logros y la valent\u00eda de los grupos condecorados.<\/p>\n<blockquote><p>\n\u00abMe sent\u00ed particularmente inspirado por el movimiento Munduruku Ipereg Ayu en Brasil. Este pueblo ind\u00edgena de 13.000 personas en el Amazonas, lanz\u00f3 un movimiento llamado Ipereg Ayu que en lengua local significa \u00abSoy fuerte, s\u00e9 c\u00f3mo protegerme\u00bb, indic\u00f3 el actor.<\/p><\/blockquote>\n<p>Los esfuerzos de ese grupo lograron detener el desarrollo de una represa que hubiera inundado una superficie de un mill\u00f3n de hect\u00e1reas de selva tropical.<\/p>\n<p>Entre los ganadores tambi\u00e9n figuran, la organizaci\u00f3n fundada por los Kayap\u00f3 en el Amazonas brasile\u00f1o, un grupo ind\u00edgena que inspir\u00f3 la pel\u00edcula \u00abAvatar\u00bb. <\/p>\n<p>Adem\u00e1s figura la comunidad nativa Tacana en Bolivia, el grupo aut\u00f3ctono Inga en Colombia y una federaci\u00f3n que representa a los Miskitus en Honduras.<\/p>\n<p>Los ganadores del premio recibir\u00e1n 10.000 d\u00f3lares durante un evento en el marco de la Conferencia sobre Cambio Clim\u00e1tico a celebrarse en Par\u00eds en diciembre.<\/p>\n<p><a href=\"http:\/\/www.un.org\/spanish\/News\/story.asp?NewsID=33329\" title=\"Comunidades ind\u00edgenas latinoamericanas entre las ganadoras del Premio Ecuatorial\">Centro de noticias de la ONU<\/a><\/p>\n","protected":false},"excerpt":{"rendered":"<p>Ocho comunidades de Am\u00e9rica del Sur y Central fueron elegidas  [&#8230;]<\/p>\n","protected":false},"author":37,"featured_media":5111,"comment_status":"closed","ping_status":"closed","sticky":false,"template":"","format":"standard","meta":{"_et_pb_use_builder":"","_et_pb_old_content":"","_et_gb_content_width":"","footnotes":""},"categories":[16,33],"tags":[],"class_list":["post-5106","post","type-post","status-publish","format-standard","has-post-thumbnail","hentry","category-news","category-programa-de-desarrollo-sostenible"],"_links":{"self":[{"href":"https:\/\/www.un.org\/sustainabledevelopment\/es\/wp-json\/wp\/v2\/posts\/5106","targetHints":{"allow":["GET"]}}],"collection":[{"href":"https:\/\/www.un.org\/sustainabledevelopment\/es\/wp-json\/wp\/v2\/posts"}],"about":[{"href":"https:\/\/www.un.org\/sustainabledevelopment\/es\/wp-json\/wp\/v2\/types\/post"}],"author":[{"embeddable":true,"href":"https:\/\/www.un.org\/sustainabledevelopment\/es\/wp-json\/wp\/v2\/users\/37"}],"replies":[{"embeddable":true,"href":"https:\/\/www.un.org\/sustainabledevelopment\/es\/wp-json\/wp\/v2\/comments?post=5106"}],"version-history":[{"count":0,"href":"https:\/\/www.un.org\/sustainabledevelopment\/es\/wp-json\/wp\/v2\/posts\/5106\/revisions"}],"wp:featuredmedia":[{"embeddable":true,"href":"https:\/\/www.un.org\/sustainabledevelopment\/es\/wp-json\/wp\/v2\/media\/5111"}],"wp:attachment":[{"href":"https:\/\/www.un.org\/sustainabledevelopment\/es\/wp-json\/wp\/v2\/media?parent=5106"}],"wp:term":[{"taxonomy":"category","embeddable":true,"href":"https:\/\/www.un.org\/sustainabledevelopment\/es\/wp-json\/wp\/v2\/categories?post=5106"},{"taxonomy":"post_tag","embeddable":true,"href":"https:\/\/www.un.org\/sustainabledevelopment\/es\/wp-json\/wp\/v2\/tags?post=5106"}],"curies":[{"name":"wp","href":"https:\/\/api.w.org\/{rel}","templated":true}]}}