  {"id":5236,"date":"2015-09-25T15:37:55","date_gmt":"2015-09-25T19:37:55","guid":{"rendered":"http:\/\/www.un.org\/sustainabledevelopment\/es\/?p=5236"},"modified":"2017-11-13T16:01:46","modified_gmt":"2017-11-13T21:01:46","slug":"el-papa-francisco-la-humanidad-podria-no-haber-sobrevivido-sin-la-onu","status":"publish","type":"post","link":"https:\/\/www.un.org\/sustainabledevelopment\/es\/2015\/09\/el-papa-francisco-la-humanidad-podria-no-haber-sobrevivido-sin-la-onu\/","title":{"rendered":"El Papa Francisco: la humanidad podr\u00eda no haber sobrevivido sin la ONU"},"content":{"rendered":"<p>El Papa Francisco elogi\u00f3 hoy el papel de las Naciones Unidas y reafirm\u00f3 la importancia que la Iglesia Cat\u00f3lica le concede y las esperanzas que pone en sus actividades.<\/p>\n<p>El Jefe del Estado Vaticano fue acogido calurosamente por el plenario de la Asamblea General y en sus palabras, pronunciadas en el marco del 70\u00ba aniversario de la Organizaci\u00f3n de las Naciones Unidas, destac\u00f3 los \u00e9xitos por ella obtenidos.<\/p>\n<p>Entre esos logros mencion\u00f3 la codificaci\u00f3n del derecho internacional, el perfeccionamiento del derecho humanitario, la soluci\u00f3n de muchos conflictos y las operaciones de paz y reconciliaci\u00f3n.<\/p>\n<p>Sin embargo, manifest\u00f3 que todos esos progresos contrastan con el desorden causado por las ambiciones descontroladas y por los ego\u00edsmos colectivos.<\/p>\n<p>\u201cEs cierto que a\u00fan son muchos los graves problemas no resueltos, pero es evidente que, si hubiera faltado toda esa actividad internacional, la humanidad podr\u00eda no haber sobrevivido al uso descontrolado de sus propias potencialidades\u201d, asever\u00f3.<\/p>\n<p>En su alocuci\u00f3n, el Papa aludi\u00f3 a la reforma de la ONU y la necesidad de que se adapte a los tiempos para que avance hacia el objetivo de conceder a todos los pa\u00edses, sin excepci\u00f3n, una participaci\u00f3n y una incidencia real y equitativa en las decisiones.<\/p>\n<p>\u00abDar a cada uno lo suyo, siguiendo la definici\u00f3n cl\u00e1sica de justicia, significa que ning\u00fan individuo o grupo humano se puede considerar omnipotente, autorizado a pasar por encima de la dignidad y de los derechos de las otras personas singulares o de sus agrupaciones sociales\u00bb, dijo.<\/p>\n<p>El Pont\u00edfice se\u00f1al\u00f3 que el panorama mundial contempor\u00e1neo presenta, muchos falsos derechos y \u2013a la vez\u2013 grandes sectores indefensos, v\u00edctimas de un mal ejercicio del poder.<\/p>\n<p>El Obispo de Roma, por otro lado, pugn\u00f3 por la protecci\u00f3n del medio ambiente y confi\u00f3 en que la conferencia sobre el cambio clim\u00e1tico en Par\u00eds arroje resultados satisfactorios.<\/p>\n<p>La amenaza nuclear tambi\u00e9n ocup\u00f3 un importante papel en su discurso y afirm\u00f3 que la existencia de esas armas contrasta con el esp\u00edritu de la Carta de la ONU.<\/p>\n<p>\u00abUna \u00e9tica y un derecho basados en la amenaza de destrucci\u00f3n mutua \u2013y posiblemente de toda la humanidad\u2013 son contradictorios y constituyen un fraude a toda la construcci\u00f3n de las Naciones Unidas, que pasar\u00edan a ser \u00abNaciones Unidas por el miedo y la desconfianza\u00bb. Hay que empe\u00f1arse por un mundo sin armas nucleares!\u00bb, puntualiz\u00f3.<\/p>\n<p>El Papa subray\u00f3 que la casa com\u00fan de todos los hombres debe continuar levant\u00e1ndose sobre una recta comprensi\u00f3n de la fraternidad universal y sobre el respeto de la sacralidad de cada vida humana y de la naturaleza.<\/p>\n<p><a href=\"http:\/\/www.un.org\/spanish\/News\/story.asp?NewsID=33370\" title=\"La humanidad podr\u00eda no haber sobrevivido sin la ONU, afirma el Papa Francisco\">Centro de noticias de la ONU<\/a><\/p>\n","protected":false},"excerpt":{"rendered":"<p>El Papa Francisco elogi\u00f3 hoy el papel de las Naciones  [&#8230;]<\/p>\n","protected":false},"author":37,"featured_media":5241,"comment_status":"closed","ping_status":"closed","sticky":false,"template":"","format":"standard","meta":{"_et_pb_use_builder":"","_et_pb_old_content":"","_et_gb_content_width":"","footnotes":""},"categories":[131,16,33],"tags":[],"class_list":["post-5236","post","type-post","status-publish","format-standard","has-post-thumbnail","hentry","category-destacadas-cumbre","category-news","category-programa-de-desarrollo-sostenible"],"_links":{"self":[{"href":"https:\/\/www.un.org\/sustainabledevelopment\/es\/wp-json\/wp\/v2\/posts\/5236","targetHints":{"allow":["GET"]}}],"collection":[{"href":"https:\/\/www.un.org\/sustainabledevelopment\/es\/wp-json\/wp\/v2\/posts"}],"about":[{"href":"https:\/\/www.un.org\/sustainabledevelopment\/es\/wp-json\/wp\/v2\/types\/post"}],"author":[{"embeddable":true,"href":"https:\/\/www.un.org\/sustainabledevelopment\/es\/wp-json\/wp\/v2\/users\/37"}],"replies":[{"embeddable":true,"href":"https:\/\/www.un.org\/sustainabledevelopment\/es\/wp-json\/wp\/v2\/comments?post=5236"}],"version-history":[{"count":0,"href":"https:\/\/www.un.org\/sustainabledevelopment\/es\/wp-json\/wp\/v2\/posts\/5236\/revisions"}],"wp:featuredmedia":[{"embeddable":true,"href":"https:\/\/www.un.org\/sustainabledevelopment\/es\/wp-json\/wp\/v2\/media\/5241"}],"wp:attachment":[{"href":"https:\/\/www.un.org\/sustainabledevelopment\/es\/wp-json\/wp\/v2\/media?parent=5236"}],"wp:term":[{"taxonomy":"category","embeddable":true,"href":"https:\/\/www.un.org\/sustainabledevelopment\/es\/wp-json\/wp\/v2\/categories?post=5236"},{"taxonomy":"post_tag","embeddable":true,"href":"https:\/\/www.un.org\/sustainabledevelopment\/es\/wp-json\/wp\/v2\/tags?post=5236"}],"curies":[{"name":"wp","href":"https:\/\/api.w.org\/{rel}","templated":true}]}}