  {"id":5246,"date":"2015-09-25T15:52:03","date_gmt":"2015-09-25T19:52:03","guid":{"rendered":"http:\/\/www.un.org\/sustainabledevelopment\/es\/?p=5246"},"modified":"2017-11-13T16:01:45","modified_gmt":"2017-11-13T21:01:45","slug":"palabras-del-secretario-general-en-la-cumbre-para-la-aprobacion-de-la-agenda-para-el-desarrollo-despues-de-2015","status":"publish","type":"post","link":"https:\/\/www.un.org\/sustainabledevelopment\/es\/2015\/09\/palabras-del-secretario-general-en-la-cumbre-para-la-aprobacion-de-la-agenda-para-el-desarrollo-despues-de-2015\/","title":{"rendered":"Palabras del Secretario General en la Cumbre para la aprobaci\u00f3n de la agenda para el desarrollo despu\u00e9s de 2015"},"content":{"rendered":"<p>Estimados copresidentes de esta Cumbre,<br \/>\nSe\u00f1or Presidente de la Asamblea General,<br \/>\nDistinguidos Jefes de Estado y de Gobierno,<br \/>\nExcelencias,<br \/>\nDistinguidos invitados,<br \/>\nDamas y caballeros:<\/p>\n<p>Hemos llegado a un momento decisivo para la historia de la humanidad.<\/p>\n<p>Los pueblos del mundo nos han pedido que alumbremos el camino hacia un futuro prometedor y lleno de oportunidades.<\/p>\n<p>Y los Estados Miembros han respondido con la Agenda 2030 para el Desarrollo Sostenible.<\/p>\n<p>La nueva agenda es una promesa que los dirigentes hacen a las personas de todo el mundo.<\/p>\n<p>Y constituye una visi\u00f3n universal, integrada y transformativa para un mundo mejor.<\/p>\n<p>Es una agenda en favor de las personas, para poner fin a la pobreza en todas sus formas.<\/p>\n<p>Una agenda en favor del planeta, que es nuestro hogar com\u00fan.<\/p>\n<p>Una agenda en favor de la prosperidad compartida, la paz y las alianzas de colaboraci\u00f3n.<\/p>\n<p>Una agenda que transmite la urgencia de tomar medidas contra el cambio clim\u00e1tico.<\/p>\n<p>Y que se basa en la igualdad de g\u00e9nero y el respeto de los derechos de todas las personas.<\/p>\n<p>Pero que, sobre todo, promete que nadie se quedar\u00e1 atr\u00e1s.<\/p>\n<p>Excelencias,<br \/>\nDamas y caballeros:<\/p>\n<p>La prueba de fuego para el compromiso con la Agenda 2030 ser\u00e1 la implementaci\u00f3n.<\/p>\n<p>Para superar esa prueba necesitamos la acci\u00f3n de todos en el mundo entero.<\/p>\n<p>Nos servir\u00e1n de gu\u00eda 17 Objetivos de Desarrollo Sostenible que constituyen una lista de acciones en favor de las personas y el planeta y un proyecto para alcanzar el \u00e9xito.<\/p>\n<p>Si queremos cumplir estos nuevos objetivos mundiales, necesitaremos contar con el compromiso pol\u00edtico de alto nivel de todos ustedes.<\/p>\n<p>Y necesitaremos tambi\u00e9n una alianza mundial renovada.<\/p>\n<p>Los Objetivos de Desarrollo del Milenio demostraron lo que podemos conseguir trabajando juntos.<\/p>\n<p>Y la Agenda de Acci\u00f3n de Addis Abeba nos ha proporcionado un s\u00f3lido marco financiero.<\/p>\n<p>Ahora debemos construir sobre estos cimientos.<\/p>\n<p>Si queremos mejorar, debemos obrar de manera diferente.<\/p>\n<p>La Agenda 2030 nos obliga a trascender las fronteras nacionales y los intereses a corto plazo para actuar con solidaridad a largo plazo.<\/p>\n<p>Ya no podemos seguir pensando y trabajando de forma aislada.<\/p>\n<p>Las instituciones tendr\u00e1n que estar en condiciones de cumplir un nuevo e importante prop\u00f3sito.<\/p>\n<p>Por su parte, el sistema de las Naciones Unidas est\u00e1 plenamente decidido a apoyar a los Estados Miembros en este nuevo y ambicioso empe\u00f1o.<\/p>\n<p>Excelencias,<br \/>\nDamas y caballeros:<\/p>\n<p>Tenemos que entrar en esta nueva era con buen pie.<\/p>\n<p>Por ello exhorto a todos los gobiernos a que en diciembre aprueben en Par\u00eds un s\u00f3lido acuerdo universal sobre el clima.<\/p>\n<p>Y resulta alentador que varios pa\u00edses ya est\u00e9n trabajando para incorporar la Agenda 2030 en sus estrategias nacionales de desarrollo. Pero es un trabajo que nadie podr\u00e1 hacer solo.<\/p>\n<p>Por eso debemos lograr que participen todas las instancias, como lo hicimos al elaborar la Agenda.<\/p>\n<p>Debemos incluir a los parlamentos y a los gobiernos locales, y colaborar con las ciudades y las zonas rurales.<\/p>\n<p>Debemos recabar la colaboraci\u00f3n de las empresas y los emprendedores.<\/p>\n<p>Debemos implicar a la sociedad civil en la definici\u00f3n y aplicaci\u00f3n de las pol\u00edticas, y darle el margen necesario para que nos pida cuentas.<\/p>\n<p>Debemos escuchar a la comunidad cient\u00edfica y acad\u00e9mica.<\/p>\n<p>Y tendremos que asumir la revoluci\u00f3n de los datos.<\/p>\n<p>Pero lo m\u00e1s importante es que debemos empezar a trabajar desde ya.<\/p>\n<p>Excelencias,<br \/>\nDamas y caballeros:<\/p>\n<p>Hace 70 a\u00f1os, las Naciones Unidas surgieron de las cenizas de la guerra.<\/p>\n<p>Los gobiernos acordaron una Carta visionaria dedicada a \u00abNosotros los pueblos\u00bb.<\/p>\n<p>La Agenda que ustedes se disponen a aprobar hoy promueve los objetivos de la Carta.<\/p>\n<p>Y encarna las aspiraciones de las personas de todo el mundo que anhelan vivir en paz, con seguridad y con dignidad en un planeta sano.<\/p>\n<p>Prometamos hoy alumbrar el camino hacia esta visi\u00f3n de futuro transformativa.<\/p>\n<p>Muchas gracias.<\/p>\n<div class=\"fusion-fullwidth fullwidth-box fusion-builder-row-1 hundred-percent-fullwidth non-hundred-percent-height-scrolling\" style=\"--awb-border-radius-top-left:0px;--awb-border-radius-top-right:0px;--awb-border-radius-bottom-right:0px;--awb-border-radius-bottom-left:0px;--awb-overflow:visible;--awb-flex-wrap:wrap;\" ><div class=\"fusion-builder-row fusion-row\"><div class=\"fusion-layout-column fusion_builder_column fusion-builder-column-0 fusion_builder_column_1_1 1_1 fusion-one-full fusion-column-first fusion-column-last fusion-column-no-min-height\" style=\"--awb-bg-size:cover;--awb-margin-bottom:0px;\"><div class=\"fusion-column-wrapper fusion-flex-column-wrapper-legacy\">[Fin]<div class=\"fusion-clearfix\"><\/div><\/div><\/div><\/div><\/div>\n","protected":false},"excerpt":{"rendered":"<p>Estimados copresidentes de esta Cumbre, Se\u00f1or Presidente de la Asamblea  [&#8230;]<\/p>\n","protected":false},"author":37,"featured_media":5251,"comment_status":"closed","ping_status":"closed","sticky":false,"template":"","format":"standard","meta":{"_et_pb_use_builder":"","_et_pb_old_content":"","_et_gb_content_width":"","footnotes":""},"categories":[16,33,31],"tags":[],"class_list":["post-5246","post","type-post","status-publish","format-standard","has-post-thumbnail","hentry","category-news","category-programa-de-desarrollo-sostenible","category-secretario-general"],"_links":{"self":[{"href":"https:\/\/www.un.org\/sustainabledevelopment\/es\/wp-json\/wp\/v2\/posts\/5246","targetHints":{"allow":["GET"]}}],"collection":[{"href":"https:\/\/www.un.org\/sustainabledevelopment\/es\/wp-json\/wp\/v2\/posts"}],"about":[{"href":"https:\/\/www.un.org\/sustainabledevelopment\/es\/wp-json\/wp\/v2\/types\/post"}],"author":[{"embeddable":true,"href":"https:\/\/www.un.org\/sustainabledevelopment\/es\/wp-json\/wp\/v2\/users\/37"}],"replies":[{"embeddable":true,"href":"https:\/\/www.un.org\/sustainabledevelopment\/es\/wp-json\/wp\/v2\/comments?post=5246"}],"version-history":[{"count":0,"href":"https:\/\/www.un.org\/sustainabledevelopment\/es\/wp-json\/wp\/v2\/posts\/5246\/revisions"}],"wp:featuredmedia":[{"embeddable":true,"href":"https:\/\/www.un.org\/sustainabledevelopment\/es\/wp-json\/wp\/v2\/media\/5251"}],"wp:attachment":[{"href":"https:\/\/www.un.org\/sustainabledevelopment\/es\/wp-json\/wp\/v2\/media?parent=5246"}],"wp:term":[{"taxonomy":"category","embeddable":true,"href":"https:\/\/www.un.org\/sustainabledevelopment\/es\/wp-json\/wp\/v2\/categories?post=5246"},{"taxonomy":"post_tag","embeddable":true,"href":"https:\/\/www.un.org\/sustainabledevelopment\/es\/wp-json\/wp\/v2\/tags?post=5246"}],"curies":[{"name":"wp","href":"https:\/\/api.w.org\/{rel}","templated":true}]}}