  {"id":5451,"date":"2015-11-06T14:47:35","date_gmt":"2015-11-06T19:47:35","guid":{"rendered":"http:\/\/www.un.org\/sustainabledevelopment\/es\/?p=5451"},"modified":"2017-11-13T16:01:44","modified_gmt":"2017-11-13T21:01:44","slug":"lograr-un-acuerdo-en-paris-sera-determinante-para-reducir-los-efectos-del-cambio-climatico-segun-pnuma","status":"publish","type":"post","link":"https:\/\/www.un.org\/sustainabledevelopment\/es\/2015\/11\/lograr-un-acuerdo-en-paris-sera-determinante-para-reducir-los-efectos-del-cambio-climatico-segun-pnuma\/","title":{"rendered":"Lograr un acuerdo en Par\u00eds ser\u00e1 determinante para reducir los efectos del cambio clim\u00e1tico, seg\u00fan PNUMA"},"content":{"rendered":"<p>La campa\u00f1a para limitar las emisiones de gases de efecto invernadero y evitar que las temperaturas del planeta se eleven descontroladamente ha visto un avance \u201chist\u00f3rico\u201d en las semanas previas a la cumbre sobre cambio clim\u00e1tico que se celebrar\u00e1 en Par\u00eds, asegur\u00f3 hoy la ONU.<\/p>\n<p>Cuando falta menos de un mes para que los gobiernos se re\u00fanan en la capital francesa, el Programa de la ONU para el Medio Ambiente (PNUMA) se\u00f1al\u00f3 que ha visto un cambio \u201csignificativo\u201d en el n\u00famero de pa\u00edses dispuestos a limitar las nocivas emisiones.<\/p>\n<p>Aun as\u00ed, el organismo advierte en su informe \u201cBrecha de emisiones\u00bb que las medidas propuestas no ser\u00e1n suficiente para evitar que las temperaturas suban dos grados cent\u00edgrados por encima de los niveles pre-industriales para 2100.<\/p>\n<p>El director ejecutivo del PNUMA apunt\u00f3 en una rueda de prensa en Ginebra que el compromiso de al menos 150 pa\u00edses de reducir sus emisiones supone un logro importante.<\/p>\n<p>\u201cCreo que en la antesala a la cumbre de Par\u00eds hemos visto un progreso hist\u00f3rico, que dicho de manera sencilla, consiste en que ahora contamos con un compromiso de que pronto podremos hablar de acciones universales para hacer frente al desaf\u00edo del calentamiento global y el cambio clim\u00e1tico\u2026 estamos muy lejos de donde est\u00e1bamos hace apenas uno o dos a\u00f1os\u201d, dijo Achim Steiner.<\/p>\n<p>Sin embargo, en una nota de cautela, el director ejecutivo del PNUMA resalt\u00f3 que incluso si los pa\u00edses implementan sus estrategias de \u201cdescarbonizaci\u00f3n\u201d, el mundo experimentar\u00e1 un calentamiento de 3 grados cent\u00edgrados para fines de siglo por encima de los niveles pre-industriales. <\/p>\n<p>Eso supera con creces el l\u00edmite recomendado de dos grados y tendr\u00e1 importantes impactos clim\u00e1ticos, como inundaciones m\u00e1s frecuentes, alerto el PNUMA.<\/p>\n<p>La esperanza es que de los debates en Par\u00eds surjan nuevos esfuerzos por parte de la comunidad internacional para trabajar en conjunto. Un elemento clave ser\u00e1n las energ\u00edas renovables, algo por lo que los expertos de hace 10 a\u00f1os no apostaban, pero que pronto podr\u00eda producir electricidad m\u00e1s barata que los combustibles f\u00f3siles, dijo Steiner. <\/p>\n<p><a href=\"http:\/\/www.un.org\/spanish\/News\/story.asp?NewsID=33776\" title=\"Lograr un acuerdo en Par\u00eds ser\u00e1 determinante para reducir los efectos del cambio clim\u00e1tico, seg\u00fan PNUMA\">Centro de Noticias de la ONU<\/a><\/p>\n","protected":false},"excerpt":{"rendered":"<p>La campa\u00f1a para limitar las emisiones de gases de efecto  [&#8230;]<\/p>\n","protected":false},"author":34,"featured_media":5456,"comment_status":"closed","ping_status":"closed","sticky":false,"template":"","format":"standard","meta":{"_et_pb_use_builder":"","_et_pb_old_content":"","_et_gb_content_width":"","footnotes":""},"categories":[5,16],"tags":[],"class_list":["post-5451","post","type-post","status-publish","format-standard","has-post-thumbnail","hentry","category-climate-change","category-news"],"_links":{"self":[{"href":"https:\/\/www.un.org\/sustainabledevelopment\/es\/wp-json\/wp\/v2\/posts\/5451","targetHints":{"allow":["GET"]}}],"collection":[{"href":"https:\/\/www.un.org\/sustainabledevelopment\/es\/wp-json\/wp\/v2\/posts"}],"about":[{"href":"https:\/\/www.un.org\/sustainabledevelopment\/es\/wp-json\/wp\/v2\/types\/post"}],"author":[{"embeddable":true,"href":"https:\/\/www.un.org\/sustainabledevelopment\/es\/wp-json\/wp\/v2\/users\/34"}],"replies":[{"embeddable":true,"href":"https:\/\/www.un.org\/sustainabledevelopment\/es\/wp-json\/wp\/v2\/comments?post=5451"}],"version-history":[{"count":0,"href":"https:\/\/www.un.org\/sustainabledevelopment\/es\/wp-json\/wp\/v2\/posts\/5451\/revisions"}],"wp:featuredmedia":[{"embeddable":true,"href":"https:\/\/www.un.org\/sustainabledevelopment\/es\/wp-json\/wp\/v2\/media\/5456"}],"wp:attachment":[{"href":"https:\/\/www.un.org\/sustainabledevelopment\/es\/wp-json\/wp\/v2\/media?parent=5451"}],"wp:term":[{"taxonomy":"category","embeddable":true,"href":"https:\/\/www.un.org\/sustainabledevelopment\/es\/wp-json\/wp\/v2\/categories?post=5451"},{"taxonomy":"post_tag","embeddable":true,"href":"https:\/\/www.un.org\/sustainabledevelopment\/es\/wp-json\/wp\/v2\/tags?post=5451"}],"curies":[{"name":"wp","href":"https:\/\/api.w.org\/{rel}","templated":true}]}}