  {"id":5461,"date":"2015-11-04T14:49:26","date_gmt":"2015-11-04T19:49:26","guid":{"rendered":"http:\/\/www.un.org\/sustainabledevelopment\/es\/?p=5461"},"modified":"2017-11-13T16:01:44","modified_gmt":"2017-11-13T21:01:44","slug":"ban-en-paris-los-estados-deben-poner-el-interes-comun-por-encima-del-nacional","status":"publish","type":"post","link":"https:\/\/www.un.org\/sustainabledevelopment\/es\/2015\/11\/ban-en-paris-los-estados-deben-poner-el-interes-comun-por-encima-del-nacional\/","title":{"rendered":"Ban: En Par\u00eds, los Estados deben poner el inter\u00e9s com\u00fan por encima del nacional"},"content":{"rendered":"<p>El Secretario General de la ONU agradeci\u00f3 este mi\u00e9rcoles a los l\u00edderes de Francia y China por la solicitud que hicieron en Beijing, de que el nuevo pacto clim\u00e1tico incluya un requerimiento de rendici\u00f3n de cuenta quinquenal, que permitir\u00eda verificar el cumplimiento por los pa\u00edses de sus compromisos de limitaci\u00f3n de las emisiones de carbono.<\/p>\n<p>En una reuni\u00f3n informativa de la Asamblea General sobre los preparativos para la Cumbre sobre el Clima, Ban Ki-moon felicit\u00f3 ese y otros esfuerzos dirigidos a encontrar soluciones a los complejos temas que se negocian para la reuni\u00f3n que inicia el 30 de noviembre.<\/p>\n<p>Record\u00f3 que estamos a tres semanas de la fecha tope establecida por la comunidad internacional para alcanzar un acuerdo clim\u00e1tico universal y aunque quedan importantes discusiones sobre la equidad, la diferenciaci\u00f3n, las finanzas y la ambici\u00f3n, expres\u00f3 optimismo de que los gobiernos ayudar\u00e1n a que se pueda alcanzar.<\/p>\n<p>\u201cDurante las pr\u00f3ximas semanas estar\u00e9 muy activo contactando a jefes de Estado o de Gobierno, para ayudarlos a afrontar estos temas. La responsabilidad final del \u00e9xito que pueda tener la conferencia de Paris est\u00e1 en sus manos totalmente\u201d, apunt\u00f3.<\/p>\n<p>El Titular de la ONU consider\u00f3 que los pa\u00edses deben poner el inter\u00e9s com\u00fan por encima del inter\u00e9s nacional, \u00abporque el cambio clim\u00e1tico no tiene pasaporte ni conoce de fronteras nacionales\u00bb.<\/p>\n<p>A\u00f1adi\u00f3 que para que la Conferencia sea un \u00e9xito, se debe alcanzar un acuerdo duradero y flexible, que sea solidario con los pobres y m\u00e1s vulnerables, y que tenga credibilidad en la respuesta a los vertiginosos impactos clim\u00e1ticos que ya se observan.<\/p>\n<p>Por otro lado, afirm\u00f3 que el pacto no debe contentarse con una meta de mitigaci\u00f3n que socave la meta de mantener la temperatura por debajo de los 2 grados Celsius y debe ofrecer medios cre\u00edbles para las necesidades de implementaci\u00f3n y mitigaci\u00f3n.<\/p>\n<p><a href=\"\" title=\"Ban: En Par\u00eds, los Estados deben poner el inter\u00e9s com\u00fan por encima del nacional\">Centro de Noticias de la ONU<\/a><\/p>\n","protected":false},"excerpt":{"rendered":"<p>El Secretario General de la ONU agradeci\u00f3 este mi\u00e9rcoles a  [&#8230;]<\/p>\n","protected":false},"author":34,"featured_media":5466,"comment_status":"closed","ping_status":"closed","sticky":false,"template":"","format":"standard","meta":{"_et_pb_use_builder":"","_et_pb_old_content":"","_et_gb_content_width":"","footnotes":""},"categories":[5,16],"tags":[],"class_list":["post-5461","post","type-post","status-publish","format-standard","has-post-thumbnail","hentry","category-climate-change","category-news"],"_links":{"self":[{"href":"https:\/\/www.un.org\/sustainabledevelopment\/es\/wp-json\/wp\/v2\/posts\/5461","targetHints":{"allow":["GET"]}}],"collection":[{"href":"https:\/\/www.un.org\/sustainabledevelopment\/es\/wp-json\/wp\/v2\/posts"}],"about":[{"href":"https:\/\/www.un.org\/sustainabledevelopment\/es\/wp-json\/wp\/v2\/types\/post"}],"author":[{"embeddable":true,"href":"https:\/\/www.un.org\/sustainabledevelopment\/es\/wp-json\/wp\/v2\/users\/34"}],"replies":[{"embeddable":true,"href":"https:\/\/www.un.org\/sustainabledevelopment\/es\/wp-json\/wp\/v2\/comments?post=5461"}],"version-history":[{"count":0,"href":"https:\/\/www.un.org\/sustainabledevelopment\/es\/wp-json\/wp\/v2\/posts\/5461\/revisions"}],"wp:featuredmedia":[{"embeddable":true,"href":"https:\/\/www.un.org\/sustainabledevelopment\/es\/wp-json\/wp\/v2\/media\/5466"}],"wp:attachment":[{"href":"https:\/\/www.un.org\/sustainabledevelopment\/es\/wp-json\/wp\/v2\/media?parent=5461"}],"wp:term":[{"taxonomy":"category","embeddable":true,"href":"https:\/\/www.un.org\/sustainabledevelopment\/es\/wp-json\/wp\/v2\/categories?post=5461"},{"taxonomy":"post_tag","embeddable":true,"href":"https:\/\/www.un.org\/sustainabledevelopment\/es\/wp-json\/wp\/v2\/tags?post=5461"}],"curies":[{"name":"wp","href":"https:\/\/api.w.org\/{rel}","templated":true}]}}