  {"id":5541,"date":"2015-11-09T13:08:10","date_gmt":"2015-11-09T18:08:10","guid":{"rendered":"http:\/\/www.un.org\/sustainabledevelopment\/es\/?p=5541"},"modified":"2017-11-13T16:01:44","modified_gmt":"2017-11-13T21:01:44","slug":"la-omm-alerta-de-nuevo-record-en-la-concentracion-de-gases-de-efecto-invernadero-en-2014","status":"publish","type":"post","link":"https:\/\/www.un.org\/sustainabledevelopment\/es\/2015\/11\/la-omm-alerta-de-nuevo-record-en-la-concentracion-de-gases-de-efecto-invernadero-en-2014\/","title":{"rendered":"La OMM alerta de nuevo r\u00e9cord en la concentraci\u00f3n de gases de efecto invernadero en 2014"},"content":{"rendered":"<p>La concentraci\u00f3n de gases efecto invernadero en la atm\u00f3sfera registr\u00f3 otro nuevo r\u00e9cord en 2014, continuando con su tendencia ascendente y agravando a\u00fan m\u00e1s el cambio clim\u00e1tico que har\u00e1 del planeta un sitio m\u00e1s peligroso e inh\u00f3spito en el futuro.<\/p>\n<p>La Organizaci\u00f3n Meteorol\u00f3gica Mundial (OMM) public\u00f3 este lunes un informe sobre el tema en el que indica que entre 1990 y 2014 se ha producido un aumento del 36% en el efecto radiativo que causa el calentamiento.<\/p>\n<p>Eso se debe a la concentraci\u00f3n de gases de larga duraci\u00f3n como el di\u00f3xido de carbono (CO2), el metano (CH4) y el \u00f3xido nitroso (N2O) provenientes de actividades industriales, agr\u00edcolas y dom\u00e9sticas, explica el estudio.<\/p>\n<p>Tambi\u00e9n alerta de la interacci\u00f3n entre el di\u00f3xido de carbono y el vapor de agua que amplifica el calor en la superficie terrestre.<br \/>\nMichel Jarraud, secretario general de la OMM, present\u00f3 el estudio en Ginebra:<\/p>\n<p>\u00abCada a\u00f1o informamos de un nuevo r\u00e9cord en la concentraci\u00f3n de gases. Todos los a\u00f1os recordamos que el tiempo se est\u00e1 acabando, y este a\u00f1o s\u00f3lo suma a esta presi\u00f3n. Es muy importante que estas cifras sean tomadas en cuenta por los negociadores\u00bb, se\u00f1al\u00f3 Jarraud, aludiendo a los representantes que acudir\u00e1n a la conferencia sobre cambio clim\u00e1tico a celebrarse en diciembre, en Par\u00eds.<\/p>\n<p>El alto funcionario subray\u00f3 la importancia de actuar con rapidez y reducir las emisiones ya que la concentraci\u00f3n de esos gases en la atm\u00f3sfera permanece por siglos, por lo que las nuevas emisiones empeorar\u00e1n la situaci\u00f3n para las generaciones futuras.<\/p>\n<p><a title=\"OMM alerta de nuevo r\u00e9cord en la concentraci\u00f3n de gases de efecto invernadero en 2014\" href=\"http:\/\/www.un.org\/spanish\/News\/story.asp?NewsID=33784\">Centro de Noticias de la ONU<\/a><\/p>\n","protected":false},"excerpt":{"rendered":"<p>La concentraci\u00f3n de gases efecto invernadero en la atm\u00f3sfera registr\u00f3  [&#8230;]<\/p>\n","protected":false},"author":34,"featured_media":5545,"comment_status":"closed","ping_status":"closed","sticky":false,"template":"","format":"standard","meta":{"_et_pb_use_builder":"","_et_pb_old_content":"","_et_gb_content_width":"","footnotes":""},"categories":[5],"tags":[],"class_list":["post-5541","post","type-post","status-publish","format-standard","has-post-thumbnail","hentry","category-climate-change"],"_links":{"self":[{"href":"https:\/\/www.un.org\/sustainabledevelopment\/es\/wp-json\/wp\/v2\/posts\/5541","targetHints":{"allow":["GET"]}}],"collection":[{"href":"https:\/\/www.un.org\/sustainabledevelopment\/es\/wp-json\/wp\/v2\/posts"}],"about":[{"href":"https:\/\/www.un.org\/sustainabledevelopment\/es\/wp-json\/wp\/v2\/types\/post"}],"author":[{"embeddable":true,"href":"https:\/\/www.un.org\/sustainabledevelopment\/es\/wp-json\/wp\/v2\/users\/34"}],"replies":[{"embeddable":true,"href":"https:\/\/www.un.org\/sustainabledevelopment\/es\/wp-json\/wp\/v2\/comments?post=5541"}],"version-history":[{"count":0,"href":"https:\/\/www.un.org\/sustainabledevelopment\/es\/wp-json\/wp\/v2\/posts\/5541\/revisions"}],"wp:featuredmedia":[{"embeddable":true,"href":"https:\/\/www.un.org\/sustainabledevelopment\/es\/wp-json\/wp\/v2\/media\/5545"}],"wp:attachment":[{"href":"https:\/\/www.un.org\/sustainabledevelopment\/es\/wp-json\/wp\/v2\/media?parent=5541"}],"wp:term":[{"taxonomy":"category","embeddable":true,"href":"https:\/\/www.un.org\/sustainabledevelopment\/es\/wp-json\/wp\/v2\/categories?post=5541"},{"taxonomy":"post_tag","embeddable":true,"href":"https:\/\/www.un.org\/sustainabledevelopment\/es\/wp-json\/wp\/v2\/tags?post=5541"}],"curies":[{"name":"wp","href":"https:\/\/api.w.org\/{rel}","templated":true}]}}