  {"id":5553,"date":"2015-11-11T13:11:22","date_gmt":"2015-11-11T18:11:22","guid":{"rendered":"http:\/\/www.un.org\/sustainabledevelopment\/es\/?p=5553"},"modified":"2017-11-13T16:01:44","modified_gmt":"2017-11-13T21:01:44","slug":"banco-mundial-el-cambio-climatico-podria-anadir-100-millones-de-pobres","status":"publish","type":"post","link":"https:\/\/www.un.org\/sustainabledevelopment\/es\/2015\/11\/banco-mundial-el-cambio-climatico-podria-anadir-100-millones-de-pobres\/","title":{"rendered":"Banco Mundial: El cambio clim\u00e1tico podr\u00eda a\u00f1adir 100 millones de pobres"},"content":{"rendered":"<p>El Banco Mundial advirti\u00f3 que el cambio clim\u00e1tico puede aumentar la cifra de pobres en m\u00e1s de 100 millones de no tomarse medidas. <\/p>\n<p>En un estudio sobre la gesti\u00f3n de los impactos del cambio clim\u00e1tico sobre la pobreza, la instituci\u00f3n financiera afirma que el fen\u00f3meno ya est\u00e1 evitando que muchas personas salgan de ella.<\/p>\n<p>\u00abSin un desarrollo r\u00e1pido, incluyente y que tome en cuenta al cambio clim\u00e1tico, junto a los esfuerzos para la reducci\u00f3n de las emisiones, para 2030 podr\u00eda haber 100 millones de pobres adicionales\u00bb, apunta el documento.<\/p>\n<p>El texto, publicado a unos d\u00edas de la Conferencia sobre el Clima de Par\u00eds, a\u00f1ade que los desastres clim\u00e1ticos podr\u00edan eliminar avances obtenidos con muchos esfuerzos, conducir a p\u00e9rdidas irreversibles y empujar a mucha gente nuevamente a la pobreza, particularmente en \u00c1frica y el sur de Asia.<\/p>\n<p>El estudio recuerda que los pobres est\u00e1n m\u00e1s expuestos que la poblaci\u00f3n promedio a los efectos de eventos relacionados con el clima como las sequ\u00edas, las inundaciones, las olas de calor y que cuando ocurren estos fen\u00f3menos, son m\u00e1s propensos a perder sus posesiones.<\/p>\n<p>Igualmente, los pobres sufren m\u00e1s los efectos de las altas temperaturas y viven en pa\u00edses donde se espera una disminuci\u00f3n de la producci\u00f3n de alimentos por el cambio clim\u00e1tico.<\/p>\n<p>El director del Banco Mundial, Jim Yong Kim afirmo que ese fen\u00f3meno golpea con m\u00e1s fuerza a los pobres y que el reto ahora es proteger a decenas de millones de personas de regresar a la pobreza extrema.<\/p>\n<p><a title=\"Banco Mundial: El cambio clim\u00e1tico podr\u00eda a\u00f1adir 100 millones de pobres\" href=\"http:\/\/www.un.org\/spanish\/News\/story.asp?NewsID=33805\">Centro de Noticias de la ONU<\/a><\/p>\n","protected":false},"excerpt":{"rendered":"<p>El Banco Mundial advirti\u00f3 que el cambio clim\u00e1tico puede aumentar  [&#8230;]<\/p>\n","protected":false},"author":34,"featured_media":5557,"comment_status":"closed","ping_status":"closed","sticky":false,"template":"","format":"standard","meta":{"_et_pb_use_builder":"","_et_pb_old_content":"","_et_gb_content_width":"","footnotes":""},"categories":[5,16,20],"tags":[],"class_list":["post-5553","post","type-post","status-publish","format-standard","has-post-thumbnail","hentry","category-climate-change","category-news","category-poverty"],"_links":{"self":[{"href":"https:\/\/www.un.org\/sustainabledevelopment\/es\/wp-json\/wp\/v2\/posts\/5553","targetHints":{"allow":["GET"]}}],"collection":[{"href":"https:\/\/www.un.org\/sustainabledevelopment\/es\/wp-json\/wp\/v2\/posts"}],"about":[{"href":"https:\/\/www.un.org\/sustainabledevelopment\/es\/wp-json\/wp\/v2\/types\/post"}],"author":[{"embeddable":true,"href":"https:\/\/www.un.org\/sustainabledevelopment\/es\/wp-json\/wp\/v2\/users\/34"}],"replies":[{"embeddable":true,"href":"https:\/\/www.un.org\/sustainabledevelopment\/es\/wp-json\/wp\/v2\/comments?post=5553"}],"version-history":[{"count":0,"href":"https:\/\/www.un.org\/sustainabledevelopment\/es\/wp-json\/wp\/v2\/posts\/5553\/revisions"}],"wp:featuredmedia":[{"embeddable":true,"href":"https:\/\/www.un.org\/sustainabledevelopment\/es\/wp-json\/wp\/v2\/media\/5557"}],"wp:attachment":[{"href":"https:\/\/www.un.org\/sustainabledevelopment\/es\/wp-json\/wp\/v2\/media?parent=5553"}],"wp:term":[{"taxonomy":"category","embeddable":true,"href":"https:\/\/www.un.org\/sustainabledevelopment\/es\/wp-json\/wp\/v2\/categories?post=5553"},{"taxonomy":"post_tag","embeddable":true,"href":"https:\/\/www.un.org\/sustainabledevelopment\/es\/wp-json\/wp\/v2\/tags?post=5553"}],"curies":[{"name":"wp","href":"https:\/\/api.w.org\/{rel}","templated":true}]}}