  {"id":5585,"date":"2015-11-18T08:51:47","date_gmt":"2015-11-18T13:51:47","guid":{"rendered":"http:\/\/www.un.org\/sustainabledevelopment\/es\/?p=5585"},"modified":"2017-11-13T16:01:43","modified_gmt":"2017-11-13T21:01:43","slug":"ban-destaca-vinculos-entre-la-gestion-del-agua-y-la-reduccion-de-riesgos-de-desastres","status":"publish","type":"post","link":"https:\/\/www.un.org\/sustainabledevelopment\/es\/2015\/11\/ban-destaca-vinculos-entre-la-gestion-del-agua-y-la-reduccion-de-riesgos-de-desastres\/","title":{"rendered":"Ban destaca v\u00ednculos entre la gesti\u00f3n del agua y la reducci\u00f3n de riesgos de desastres"},"content":{"rendered":"<p>El Secretario General de la ONU, Ban Ki-moon, particip\u00f3 hoy en un encuentro sobre los v\u00ednculos entre la gesti\u00f3n del agua y la reducci\u00f3n de los riesgos de desastres.<\/p>\n<p>Durante la reuni\u00f3n tem\u00e1tica inaugurada en la Sala de la Asamblea General, Ban record\u00f3 que las inundaciones, las sequ\u00edas y los ciclones han causado de 1990 a la fecha m\u00e1s de un bill\u00f3n de d\u00f3lares en da\u00f1os y han afectado a m\u00e1s de 4.000 millones de personas.<\/p>\n<p>\u00abLos m\u00e1s pobres y vulnerables son los primeros y los que m\u00e1s sufren\u00bb, afirm\u00f3 el titular de la ONU, al subrayar el car\u00e1cter inseparable del manejo del agua y la preparaci\u00f3n para los siniestros.<\/p>\n<p>\u00abSin embargo, con frecuencia se piensa en silos y se responde a las amenazas de manera fragmentada. Es hora de superar esas brechas conceptuales y operacionales\u00bb, agreg\u00f3.<\/p>\n<p>Ban resalt\u00f3 que el encuentro se realiza a 12 d\u00edas de la Conferencia sobre el Cambio Clim\u00e1tico de Par\u00eds, donde los l\u00edderes trabajar\u00e1n en el dise\u00f1o de un plan para mitigar los efectos del calentamiento global, que seg\u00fan los cient\u00edficos, incluir\u00e1n sequ\u00edas devastadoras, inundaciones catastr\u00f3ficas y ciclones destructivos.<\/p>\n<p>El responsable de la ONU subray\u00f3 el papel crucial que la gesti\u00f3n del agua y la reducci\u00f3n de los riesgos de desastres juegan en el aseguramiento de la seguridad alimentaria, en el incremento del acceso a la energ\u00eda, y en el enfrentamiento de los riesgos derivados de la r\u00e1pida urbanizaci\u00f3n.<\/p>\n<p>\u00abLas inversiones en la adaptaci\u00f3n al cambio clim\u00e1tico y la reducci\u00f3n de riesgos de desastres tambi\u00e9n pueden ayudar a combatir el cambio clim\u00e1tico, salvar vidas y evitar la destrucci\u00f3n de infraestructura vital\u00bb, a\u00f1adi\u00f3.<\/p>\n<p>Ban pidi\u00f3 a los Estados comprometerse con la Agenda para el Desarrollo Sostenible y el acuerdo marco adoptado en marzo en la Tercera Conferencia Mundial de las Naciones Unidas para la Reducci\u00f3n del Riesgo de Desastres, en Sendai, Jap\u00f3n, en las que la gesti\u00f3n del agua y la reducci\u00f3n del riesgo de desastres est\u00e1n totalmente integradas.<\/p>\n<p><a title=\"Ban destaca v\u00ednculos entre la gesti\u00f3n del agua y la reducci\u00f3n de riesgos de desastres\" href=\"http:\/\/www.un.org\/spanish\/News\/story.asp?NewsID=33858\">Centro de Noticias de la ONU<\/a><\/p>\n","protected":false},"excerpt":{"rendered":"<p>El Secretario General de la ONU, Ban Ki-moon, particip\u00f3 hoy  [&#8230;]<\/p>\n","protected":false},"author":34,"featured_media":5589,"comment_status":"closed","ping_status":"closed","sticky":false,"template":"","format":"standard","meta":{"_et_pb_use_builder":"","_et_pb_old_content":"","_et_gb_content_width":"","footnotes":""},"categories":[23,5,14,16,20],"tags":[],"class_list":["post-5585","post","type-post","status-publish","format-standard","has-post-thumbnail","hentry","category-water-and-sanitation","category-climate-change","category-infrastructure","category-news","category-poverty"],"_links":{"self":[{"href":"https:\/\/www.un.org\/sustainabledevelopment\/es\/wp-json\/wp\/v2\/posts\/5585","targetHints":{"allow":["GET"]}}],"collection":[{"href":"https:\/\/www.un.org\/sustainabledevelopment\/es\/wp-json\/wp\/v2\/posts"}],"about":[{"href":"https:\/\/www.un.org\/sustainabledevelopment\/es\/wp-json\/wp\/v2\/types\/post"}],"author":[{"embeddable":true,"href":"https:\/\/www.un.org\/sustainabledevelopment\/es\/wp-json\/wp\/v2\/users\/34"}],"replies":[{"embeddable":true,"href":"https:\/\/www.un.org\/sustainabledevelopment\/es\/wp-json\/wp\/v2\/comments?post=5585"}],"version-history":[{"count":0,"href":"https:\/\/www.un.org\/sustainabledevelopment\/es\/wp-json\/wp\/v2\/posts\/5585\/revisions"}],"wp:featuredmedia":[{"embeddable":true,"href":"https:\/\/www.un.org\/sustainabledevelopment\/es\/wp-json\/wp\/v2\/media\/5589"}],"wp:attachment":[{"href":"https:\/\/www.un.org\/sustainabledevelopment\/es\/wp-json\/wp\/v2\/media?parent=5585"}],"wp:term":[{"taxonomy":"category","embeddable":true,"href":"https:\/\/www.un.org\/sustainabledevelopment\/es\/wp-json\/wp\/v2\/categories?post=5585"},{"taxonomy":"post_tag","embeddable":true,"href":"https:\/\/www.un.org\/sustainabledevelopment\/es\/wp-json\/wp\/v2\/tags?post=5585"}],"curies":[{"name":"wp","href":"https:\/\/api.w.org\/{rel}","templated":true}]}}