  {"id":5757,"date":"2015-11-27T15:59:50","date_gmt":"2015-11-27T20:59:50","guid":{"rendered":"http:\/\/www.un.org\/sustainabledevelopment\/es\/?p=5757"},"modified":"2017-11-13T16:01:39","modified_gmt":"2017-11-13T21:01:39","slug":"ban-destaca-el-clamor-publico-para-hacer-un-mundo-ambientalmente-sostenible","status":"publish","type":"post","link":"https:\/\/www.un.org\/sustainabledevelopment\/es\/2015\/11\/ban-destaca-el-clamor-publico-para-hacer-un-mundo-ambientalmente-sostenible\/","title":{"rendered":"Ban destaca el clamor p\u00fablico para hacer un mundo ambientalmente sostenible"},"content":{"rendered":"<p>En este momento todav\u00eda es prematuro decir lo que pasar\u00e1 en la Conferencia de Par\u00eds COP21, pero es evidente el compromiso s\u00f3lido de los gobiernos, el sector privado y la sociedad civil, declar\u00f3 hoy ante la prensa en Malta el Secretario General de la ONU.<\/p>\n<p>Tras una reuni\u00f3n con el presidente de Francia, el primer ministro malt\u00e9s y el secretario general de la Mancomunidad de Naciones, Ban Ki-moon destac\u00f3 el nivel de conciencia de la poblaci\u00f3n mundial, que ha urgido a sus l\u00edderes para que hagan de \u00e9ste un mundo ambientalmente sostenible que permita a las generaciones futuras vivir en paz, armon\u00eda, prosperidad y seguridad.<\/p>\n<p>Ban record\u00f3 que en septiembre pasado esos l\u00edderes adoptaron la Agenda de Desarrollo Sostenible, que dedica uno de sus 17 objetivos al cambio clim\u00e1tico. <\/p>\n<p>\u00abPero si no mitigamos el cambio clim\u00e1tico ahora, los restantes 16 objetivos no podr\u00e1n alcanzarse plenamente. Pueden arruinarse. Por ello, debemos actuar ahora\u00bb, dijo.<\/p>\n<p>El titular de la ONU otorg\u00f3 un lugar importante a Malta en la lucha contra el cambio clim\u00e1tico por haber sido su primer ministro el primero en plantear el desaf\u00edo del cambio clim\u00e1tico en la Asamblea General de la ONU en 1988.<\/p>\n<p>Fue entonces cuando la comunidad internacional empez\u00f3 a hablar del fen\u00f3meno, apunt\u00f3 Ban.<\/p>\n<p>Por otra parte, al referirse a los atentados del 13 de noviembre pasado en Par\u00eds, dijo que ni los franceses ni el resto del mundo est\u00e1n derrotados y que los asistentes a la COP 21 que iniciar\u00e1 el lunes estar\u00e1n a la altura. \u00abNo podemos retrasarlo ni posponerlo otra vez para ma\u00f1ana\u00bb, puntualiz\u00f3.<\/p>\n<p><a href=\"http:\/\/www.un.org\/spanish\/News\/story.asp?NewsID=33933\" title=\"Ban destaca el clamor p\u00fablico para hacer un mundo ambientalmente sostenible\"><br \/>\nCentro de Noticias<\/a><\/p>\n","protected":false},"excerpt":{"rendered":"<p>En este momento todav\u00eda es prematuro decir lo que pasar\u00e1  [&#8230;]<\/p>\n","protected":false},"author":34,"featured_media":5761,"comment_status":"closed","ping_status":"closed","sticky":false,"template":"","format":"standard","meta":{"_et_pb_use_builder":"","_et_pb_old_content":"","_et_gb_content_width":"","footnotes":""},"categories":[5,33],"tags":[],"class_list":["post-5757","post","type-post","status-publish","format-standard","has-post-thumbnail","hentry","category-climate-change","category-programa-de-desarrollo-sostenible"],"_links":{"self":[{"href":"https:\/\/www.un.org\/sustainabledevelopment\/es\/wp-json\/wp\/v2\/posts\/5757","targetHints":{"allow":["GET"]}}],"collection":[{"href":"https:\/\/www.un.org\/sustainabledevelopment\/es\/wp-json\/wp\/v2\/posts"}],"about":[{"href":"https:\/\/www.un.org\/sustainabledevelopment\/es\/wp-json\/wp\/v2\/types\/post"}],"author":[{"embeddable":true,"href":"https:\/\/www.un.org\/sustainabledevelopment\/es\/wp-json\/wp\/v2\/users\/34"}],"replies":[{"embeddable":true,"href":"https:\/\/www.un.org\/sustainabledevelopment\/es\/wp-json\/wp\/v2\/comments?post=5757"}],"version-history":[{"count":0,"href":"https:\/\/www.un.org\/sustainabledevelopment\/es\/wp-json\/wp\/v2\/posts\/5757\/revisions"}],"wp:featuredmedia":[{"embeddable":true,"href":"https:\/\/www.un.org\/sustainabledevelopment\/es\/wp-json\/wp\/v2\/media\/5761"}],"wp:attachment":[{"href":"https:\/\/www.un.org\/sustainabledevelopment\/es\/wp-json\/wp\/v2\/media?parent=5757"}],"wp:term":[{"taxonomy":"category","embeddable":true,"href":"https:\/\/www.un.org\/sustainabledevelopment\/es\/wp-json\/wp\/v2\/categories?post=5757"},{"taxonomy":"post_tag","embeddable":true,"href":"https:\/\/www.un.org\/sustainabledevelopment\/es\/wp-json\/wp\/v2\/tags?post=5757"}],"curies":[{"name":"wp","href":"https:\/\/api.w.org\/{rel}","templated":true}]}}