  {"id":5773,"date":"2015-11-29T08:36:25","date_gmt":"2015-11-29T13:36:25","guid":{"rendered":"http:\/\/www.un.org\/sustainabledevelopment\/es\/?p=5773"},"modified":"2017-11-13T16:01:39","modified_gmt":"2017-11-13T21:01:39","slug":"en-visperas-de-la-inauguracion-de-la-cop21-ban-ki-moon-se-reune-con-el-presidente-frances","status":"publish","type":"post","link":"https:\/\/www.un.org\/sustainabledevelopment\/es\/2015\/11\/en-visperas-de-la-inauguracion-de-la-cop21-ban-ki-moon-se-reune-con-el-presidente-frances\/","title":{"rendered":"Ban Ki-moon se muestra optimista de cara a la COP21"},"content":{"rendered":"<p>Un d\u00eda antes de que se inaugure en Par\u00eds la Conferencia de Naciones Unidas sobre el Cambio Clim\u00e1tico, conocida como COP21, el Secretario General de la ONU urgi\u00f3 a todos los pa\u00edses y sectores de la sociedad a actuar ahora para alcanzar un nuevo acuerdo clim\u00e1tico universal.<\/p>\n<p>En una entrevista este domingo con Radio ONU en la sede de la Ä¢¹½ÊÓÆµESCO en Par\u00eds, Ban Ki-moon se mostr\u00f3 optimista sobre las posibilidades de que los l\u00edderes mundiales logren cerrar ese ambicioso acuerdo para combatir los efectos del cambio clim\u00e1tico.<\/p>\n<blockquote><p>\u00abHemos trabajado muy duro durante mucho tiempo. Ahora es el momento de actuar. He visto un creciente impulso pol\u00edtico entre los Estados miembros. Saben que tienen que pasar a la acci\u00f3n\u00bb, se\u00f1al\u00f3 el Titular de la ONU.<\/p><\/blockquote>\n<p>Ma\u00f1ana, en torno a 150 jefes de Estado participar\u00e1n en la inauguraci\u00f3n de la COP21, en el centro de conferencias de Paris-Le Bourget, un espacio de 18 hect\u00e1reas al noreste de la capital.<\/p>\n<p>Ante la pregunta de c\u00f3mo est\u00e1n conectados los Objetivos de Desarrollo Sostenible, aprobados en septiembre como parte de la nueva Agenda de Desarrollo 2030, con un nuevo acuerdo clim\u00e1tico, el Secretario General asegur\u00f3 que un pacto s\u00f3lido respaldado por la acci\u00f3n ayudar\u00e1 al mundo a hacer realidad las metas globales de \u00abhacer del mundo un lugar mejor y m\u00e1s seguro\u00bb.<\/p>\n<blockquote><p>\u00abEl Objetivo n\u00famero 13 (se centra en el) cambio clim\u00e1tico, pero si no implementamos el acuerdo, los 16 objetivos restantes se ver\u00e1n afectados. Ninguna de las metas puede ser alcanzada de manera aislada\u00bb, se\u00f1al\u00f3 Ban.<\/p><\/blockquote>\n<p>En este contexto, ambos subrayaron la importancia de alcanzar una soluci\u00f3n pol\u00edtica para el conflicto en Siria, as\u00ed como tambi\u00e9n de la formaci\u00f3n de un gobierno de uni\u00f3n nacional en Libia.<\/p>\n<p><a href=\"http:\/\/webtv.un.org\/watch\/ban-ki-moon-un-secretary-general-on-climate-change-and-cop21-un-radio-interview-paris-29-november-2015\/4636573826001\">La entrevista en v\u00eddeo<\/a> (en ingl\u00e9s)<\/p>\n<p><a href=\"http:\/\/www.unmultimedia.org\/radio\/spanish\/2015\/11\/ban-ki-moon-se-muestra-optimista-de-cara-a-la-cop21\/#.VlxeiXarSUk\" title=\"Ban Ki-moon se muestra optimista de cara a la COP21\"><br \/>\nRadio de la ONU<\/a><\/p>\n","protected":false},"excerpt":{"rendered":"<p>Un d\u00eda antes de que se inaugure en Par\u00eds la  [&#8230;]<\/p>\n","protected":false},"author":37,"featured_media":5777,"comment_status":"closed","ping_status":"closed","sticky":false,"template":"","format":"standard","meta":{"_et_pb_use_builder":"","_et_pb_old_content":"","_et_gb_content_width":"","footnotes":""},"categories":[9,5,15],"tags":[],"class_list":["post-5773","post","type-post","status-publish","format-standard","has-post-thumbnail","hentry","category-forests-desertification-and-biodiversity","category-climate-change","category-mdgs"],"_links":{"self":[{"href":"https:\/\/www.un.org\/sustainabledevelopment\/es\/wp-json\/wp\/v2\/posts\/5773","targetHints":{"allow":["GET"]}}],"collection":[{"href":"https:\/\/www.un.org\/sustainabledevelopment\/es\/wp-json\/wp\/v2\/posts"}],"about":[{"href":"https:\/\/www.un.org\/sustainabledevelopment\/es\/wp-json\/wp\/v2\/types\/post"}],"author":[{"embeddable":true,"href":"https:\/\/www.un.org\/sustainabledevelopment\/es\/wp-json\/wp\/v2\/users\/37"}],"replies":[{"embeddable":true,"href":"https:\/\/www.un.org\/sustainabledevelopment\/es\/wp-json\/wp\/v2\/comments?post=5773"}],"version-history":[{"count":0,"href":"https:\/\/www.un.org\/sustainabledevelopment\/es\/wp-json\/wp\/v2\/posts\/5773\/revisions"}],"wp:featuredmedia":[{"embeddable":true,"href":"https:\/\/www.un.org\/sustainabledevelopment\/es\/wp-json\/wp\/v2\/media\/5777"}],"wp:attachment":[{"href":"https:\/\/www.un.org\/sustainabledevelopment\/es\/wp-json\/wp\/v2\/media?parent=5773"}],"wp:term":[{"taxonomy":"category","embeddable":true,"href":"https:\/\/www.un.org\/sustainabledevelopment\/es\/wp-json\/wp\/v2\/categories?post=5773"},{"taxonomy":"post_tag","embeddable":true,"href":"https:\/\/www.un.org\/sustainabledevelopment\/es\/wp-json\/wp\/v2\/tags?post=5773"}],"curies":[{"name":"wp","href":"https:\/\/api.w.org\/{rel}","templated":true}]}}