  {"id":5793,"date":"2015-11-26T10:54:09","date_gmt":"2015-11-26T15:54:09","guid":{"rendered":"http:\/\/www.un.org\/sustainabledevelopment\/es\/?p=5793"},"modified":"2017-11-13T16:01:40","modified_gmt":"2017-11-13T21:01:40","slug":"el-papa-francisco-pide-que-acuerdo-climatico-que-se-alcance-en-paris-sea-solidario-y-justo","status":"publish","type":"post","link":"https:\/\/www.un.org\/sustainabledevelopment\/es\/2015\/11\/el-papa-francisco-pide-que-acuerdo-climatico-que-se-alcance-en-paris-sea-solidario-y-justo\/","title":{"rendered":"El Papa Francisco pide que acuerdo clim\u00e1tico que se alcance en Par\u00eds sea solidario y justo"},"content":{"rendered":"<p>El Papa Francisco pidi\u00f3 hoy a los l\u00edderes mundiales alcanzar un acuerdo global y transformador en la Cumbre sobre el Clima de Par\u00eds que se base en la solidaridad, la justicia, la igualdad y la participaci\u00f3n y subray\u00f3 que transformar los modelos actuales de desarrollo constituye una obligaci\u00f3n pol\u00edtica y econ\u00f3mica.<\/p>\n<p>El Sumo Pont\u00edfice pronunci\u00f3 esas palabras en la sede de la ONU, en Nairobi, la capital de Kenya, pa\u00eds por donde inici\u00f3 este jueves su primera visita pastoral a \u00c1frica.<\/p>\n<p>El Programa de la ONU sobre el Medio Ambiente y ONU H\u00e1bitat encuentran all\u00ed sus oficinas centrales.<\/p>\n<p>El papa hizo especial \u00e9nfasis en la necesidad de que se adopten sistemas que tengan bajas emisiones de carbono y de que se ponga fin a la \u201ccultura del desperdicio\u201d que tanto contribuye a las emisiones de gases de efecto invernadero.<\/p>\n<p>\u00abSer\u00eda muy triste, y me atrevo a decir, catastr\u00f3fico que prevalezcan en Par\u00eds intereses particulares sobre el bienestar com\u00fan. En este contexto internacional, nos enfrentamos a una elecci\u00f3n que no podemos ignorar: o mejoramos o destruimos el medio ambiente\u00bb, asegur\u00f3 el Jefe de la Iglesia Cat\u00f3lica.<\/p>\n<p>El papa consider\u00f3 que la COP21 representa un importante escenario para el proceso de desarrollo de un nuevo sistema energ\u00e9tico que sea dependiente de un uso m\u00ednimo de combustibles f\u00f3siles, que procure la eficiencia energ\u00e9tica y que haga uso de las fuentes de energ\u00eda que tengan poco contenido o ning\u00fan contenido de carbono.<\/p>\n<p>El Director Ejecutivo del PNUMA, Achim Steiner, encomi\u00f3 el liderazgo moral del Papa y afirm\u00f3 que al hacer este llamado global a unos d\u00edas de la Cumbre de Par\u00eds, es un recordatorio para los l\u00edderes pol\u00edticos y de negocios y a todos los individuos del planeta , de que no solo tenemos la responsabilidad, sino tambi\u00e9n la obligaci\u00f3n de actuar sobre algo imprescindible a todos.<\/p>\n<p><a href=\"http:\/\/www.un.org\/spanish\/News\/story.asp?NewsID=33921\" title=\"El Papa Francisco pide que acuerdo clim\u00e1tico que se alcance en Par\u00eds sea solidario y justo\">Centro de noticias de la ONU<\/a><\/p>\n","protected":false},"excerpt":{"rendered":"<p>El Papa Francisco pidi\u00f3 hoy a los l\u00edderes mundiales alcanzar  [&#8230;]<\/p>\n","protected":false},"author":34,"featured_media":5797,"comment_status":"closed","ping_status":"closed","sticky":false,"template":"","format":"standard","meta":{"_et_pb_use_builder":"","_et_pb_old_content":"","_et_gb_content_width":"","footnotes":""},"categories":[5,16],"tags":[],"class_list":["post-5793","post","type-post","status-publish","format-standard","has-post-thumbnail","hentry","category-climate-change","category-news"],"_links":{"self":[{"href":"https:\/\/www.un.org\/sustainabledevelopment\/es\/wp-json\/wp\/v2\/posts\/5793","targetHints":{"allow":["GET"]}}],"collection":[{"href":"https:\/\/www.un.org\/sustainabledevelopment\/es\/wp-json\/wp\/v2\/posts"}],"about":[{"href":"https:\/\/www.un.org\/sustainabledevelopment\/es\/wp-json\/wp\/v2\/types\/post"}],"author":[{"embeddable":true,"href":"https:\/\/www.un.org\/sustainabledevelopment\/es\/wp-json\/wp\/v2\/users\/34"}],"replies":[{"embeddable":true,"href":"https:\/\/www.un.org\/sustainabledevelopment\/es\/wp-json\/wp\/v2\/comments?post=5793"}],"version-history":[{"count":0,"href":"https:\/\/www.un.org\/sustainabledevelopment\/es\/wp-json\/wp\/v2\/posts\/5793\/revisions"}],"wp:featuredmedia":[{"embeddable":true,"href":"https:\/\/www.un.org\/sustainabledevelopment\/es\/wp-json\/wp\/v2\/media\/5797"}],"wp:attachment":[{"href":"https:\/\/www.un.org\/sustainabledevelopment\/es\/wp-json\/wp\/v2\/media?parent=5793"}],"wp:term":[{"taxonomy":"category","embeddable":true,"href":"https:\/\/www.un.org\/sustainabledevelopment\/es\/wp-json\/wp\/v2\/categories?post=5793"},{"taxonomy":"post_tag","embeddable":true,"href":"https:\/\/www.un.org\/sustainabledevelopment\/es\/wp-json\/wp\/v2\/tags?post=5793"}],"curies":[{"name":"wp","href":"https:\/\/api.w.org\/{rel}","templated":true}]}}