  {"id":5825,"date":"2015-11-23T12:07:16","date_gmt":"2015-11-23T17:07:16","guid":{"rendered":"http:\/\/www.un.org\/sustainabledevelopment\/es\/?p=5825"},"modified":"2017-11-13T16:01:41","modified_gmt":"2017-11-13T21:01:41","slug":"la-reduccion-de-riesgos-de-desastres-en-america-latina-vulnerabilidades-y-peligros","status":"publish","type":"post","link":"https:\/\/www.un.org\/sustainabledevelopment\/es\/2015\/11\/la-reduccion-de-riesgos-de-desastres-en-america-latina-vulnerabilidades-y-peligros\/","title":{"rendered":"La reducci\u00f3n de riesgos de desastres en Am\u00e9rica Latina: Vulnerabilidades y peligros"},"content":{"rendered":"<p>Un 90% de los desastres ocurridos a nivel mundial en los \u00faltimos 20 a\u00f1os fueron relacionados directamente con el clima.<\/p>\n<p>Entre 2005 y 2014 se registraron anualmente 335 casos para un incremento del 14 % respecto al per\u00edodo de 1995 al 2004.<\/p>\n<p>Un informe de la Oficina de la ONU para la Reducci\u00f3n de Riesgos de Desastres (Ä¢¹½ÊÓÆµISDR) presentado en Ginebra ilustra esta preocupante tendencia, a prop\u00f3sito de la pr\u00f3xima celebraci\u00f3n en Paris de la Conferencia Mundial sobre el Clima.<\/p>\n<p>En una conversaci\u00f3n con Radio ONU, la directora de esa Oficina, Margareta Wahlstr\u00f6m, nos habl\u00f3 sobre las principales amenazas que acechan a Am\u00e9rica Latina y el Caribe.<\/p>\n<p>Entrevista: Laura Puigvert Alia, Naciones Unidas, Ginebra<\/p>\n<p><a href=\"http:\/\/www.unmultimedia.org\/radio\/spanish\/2015\/11\/la-reduccion-de-riesgos-de-desastres-en-america-latina-vulnerabilidades-y-peligros\/index.html#.VlyBbr-S-yJ\" title=\"La reducci\u00f3n de riesgos de desastres en Am\u00e9rica Latina: Vulnerabilidades y peligros\">Radio de la ONU<\/a><\/p>\n","protected":false},"excerpt":{"rendered":"<p>Un 90% de los desastres ocurridos a nivel mundial en  [&#8230;]<\/p>\n","protected":false},"author":34,"featured_media":5829,"comment_status":"closed","ping_status":"closed","sticky":false,"template":"","format":"standard","meta":{"_et_pb_use_builder":"","_et_pb_old_content":"","_et_gb_content_width":"","footnotes":""},"categories":[5,16],"tags":[],"class_list":["post-5825","post","type-post","status-publish","format-standard","has-post-thumbnail","hentry","category-climate-change","category-news"],"_links":{"self":[{"href":"https:\/\/www.un.org\/sustainabledevelopment\/es\/wp-json\/wp\/v2\/posts\/5825","targetHints":{"allow":["GET"]}}],"collection":[{"href":"https:\/\/www.un.org\/sustainabledevelopment\/es\/wp-json\/wp\/v2\/posts"}],"about":[{"href":"https:\/\/www.un.org\/sustainabledevelopment\/es\/wp-json\/wp\/v2\/types\/post"}],"author":[{"embeddable":true,"href":"https:\/\/www.un.org\/sustainabledevelopment\/es\/wp-json\/wp\/v2\/users\/34"}],"replies":[{"embeddable":true,"href":"https:\/\/www.un.org\/sustainabledevelopment\/es\/wp-json\/wp\/v2\/comments?post=5825"}],"version-history":[{"count":0,"href":"https:\/\/www.un.org\/sustainabledevelopment\/es\/wp-json\/wp\/v2\/posts\/5825\/revisions"}],"wp:featuredmedia":[{"embeddable":true,"href":"https:\/\/www.un.org\/sustainabledevelopment\/es\/wp-json\/wp\/v2\/media\/5829"}],"wp:attachment":[{"href":"https:\/\/www.un.org\/sustainabledevelopment\/es\/wp-json\/wp\/v2\/media?parent=5825"}],"wp:term":[{"taxonomy":"category","embeddable":true,"href":"https:\/\/www.un.org\/sustainabledevelopment\/es\/wp-json\/wp\/v2\/categories?post=5825"},{"taxonomy":"post_tag","embeddable":true,"href":"https:\/\/www.un.org\/sustainabledevelopment\/es\/wp-json\/wp\/v2\/tags?post=5825"}],"curies":[{"name":"wp","href":"https:\/\/api.w.org\/{rel}","templated":true}]}}