  {"id":5841,"date":"2015-11-30T12:20:23","date_gmt":"2015-11-30T17:20:23","guid":{"rendered":"http:\/\/www.un.org\/sustainabledevelopment\/es\/?p=5841"},"modified":"2017-11-13T16:01:39","modified_gmt":"2017-11-13T21:01:39","slug":"ban-aboga-por-un-acuerdo-duradero-dinamico-solidario-y-creible-en-la-cop21","status":"publish","type":"post","link":"https:\/\/www.un.org\/sustainabledevelopment\/es\/2015\/11\/ban-aboga-por-un-acuerdo-duradero-dinamico-solidario-y-creible-en-la-cop21\/","title":{"rendered":"Ban aboga por un acuerdo duradero, din\u00e1mico, solidario y cre\u00edble en la COP21"},"content":{"rendered":"<p>La Cumbre sobre Cambio Clim\u00e1tico (COP21) tiene el objetivo de escribir el gui\u00f3n de un nuevo futuro de esperanza, seguridad y dignidad para todos los habitantes del planeta, dijo hoy el Secretario General de la ONU al inaugurar ese evento en Par\u00eds.<\/p>\n<p>Al dirigirse a los m\u00e1s de 150 l\u00edderes mundiales que asisten al c\u00f3nclave, Ban Ki-moon les pidi\u00f3 concretar sus compromisos en un acuerdo duradero, din\u00e1mico, solidario y cre\u00edble que permita conseguir que la temperatura de la Tierra no aumente m\u00e1s de 2\u00ba C para finales de siglo.<\/p>\n<blockquote><p>\n\u00abNunca hemos afrontado una prueba de esta envergadura. Un momento pol\u00edtico como este podr\u00eda no repetirse. Pero tampoco hab\u00edamos tenido una oportunidad tan grande. Ustedes tienen el poder de garantizar el bienestar de esta generaci\u00f3n y de las que vendr\u00e1n despu\u00e9s\u00bb, subray\u00f3 Ban.<\/p><\/blockquote>\n<p>El titular de la ONU afirm\u00f3 que los planes nacionales para recortar las emisiones contaminantes que han presentado m\u00e1s de 180 pa\u00edses son un buen principio, pero record\u00f3 que hacen falta medidas m\u00e1s ambiciosas y r\u00e1pidas, ya que esas estrategias no lograr\u00edan mantener el calentamiento global por debajo de los 2\u00ba.<\/p>\n<p>La ciencia es clara, necesitamos encaminarnos hacia un futuro de bajas emisiones de carbono, el mundo lo sabe y no hay vuelta atr\u00e1s, agreg\u00f3.<\/p>\n<p>Ban consider\u00f3 que para que el acuerdo emanado de la COP21 tenga \u00e9xito deber\u00e1 tener un car\u00e1cter duradero, es decir, que deber\u00e1 transformar la econom\u00eda para convertirla en una de energ\u00edas renovables.<\/p>\n<p>Adem\u00e1s, el pacto tendr\u00e1 que ser din\u00e1mico para equilibrar el liderazgo de las econom\u00edas industrializadas y la responsabilidad de los pa\u00edses en desarrollo.<\/p>\n<p>Los otros elementos indispensables ser\u00e1n la solidaridad con los m\u00e1s pobres y vulnerables, y la credibilidad del acuerdo, lo que requerir\u00e1 un sistema de monitoreo transparente, puntualiz\u00f3 Ban.<\/p>\n<p>Asimismo, se refiri\u00f3 a la urgencia de que los pa\u00edses desarrollados cumplan la promesa de movilizar 100.000 millones de d\u00f3lares para 2020.<\/p>\n<blockquote><p>\n\u00abLa historia est\u00e1 llamando, los exhorto a responder con valent\u00eda y visi\u00f3n\u00bb, concluy\u00f3 Ban.<\/p><\/blockquote>\n<p><a href=\"http:\/\/www.un.org\/spanish\/News\/story.asp?NewsID=33939\" title=\"Ban aboga por un acuerdo duradero, din\u00e1mico, solidario y cre\u00edble en la COP21\">Centro de noticias de la ONU<\/a><\/p>\n","protected":false},"excerpt":{"rendered":"<p>La Cumbre sobre Cambio Clim\u00e1tico (COP21) tiene el objetivo de  [&#8230;]<\/p>\n","protected":false},"author":37,"featured_media":5857,"comment_status":"closed","ping_status":"closed","sticky":false,"template":"","format":"standard","meta":{"_et_pb_use_builder":"","_et_pb_old_content":"","_et_gb_content_width":"","footnotes":""},"categories":[5],"tags":[],"class_list":["post-5841","post","type-post","status-publish","format-standard","has-post-thumbnail","hentry","category-climate-change"],"_links":{"self":[{"href":"https:\/\/www.un.org\/sustainabledevelopment\/es\/wp-json\/wp\/v2\/posts\/5841","targetHints":{"allow":["GET"]}}],"collection":[{"href":"https:\/\/www.un.org\/sustainabledevelopment\/es\/wp-json\/wp\/v2\/posts"}],"about":[{"href":"https:\/\/www.un.org\/sustainabledevelopment\/es\/wp-json\/wp\/v2\/types\/post"}],"author":[{"embeddable":true,"href":"https:\/\/www.un.org\/sustainabledevelopment\/es\/wp-json\/wp\/v2\/users\/37"}],"replies":[{"embeddable":true,"href":"https:\/\/www.un.org\/sustainabledevelopment\/es\/wp-json\/wp\/v2\/comments?post=5841"}],"version-history":[{"count":0,"href":"https:\/\/www.un.org\/sustainabledevelopment\/es\/wp-json\/wp\/v2\/posts\/5841\/revisions"}],"wp:featuredmedia":[{"embeddable":true,"href":"https:\/\/www.un.org\/sustainabledevelopment\/es\/wp-json\/wp\/v2\/media\/5857"}],"wp:attachment":[{"href":"https:\/\/www.un.org\/sustainabledevelopment\/es\/wp-json\/wp\/v2\/media?parent=5841"}],"wp:term":[{"taxonomy":"category","embeddable":true,"href":"https:\/\/www.un.org\/sustainabledevelopment\/es\/wp-json\/wp\/v2\/categories?post=5841"},{"taxonomy":"post_tag","embeddable":true,"href":"https:\/\/www.un.org\/sustainabledevelopment\/es\/wp-json\/wp\/v2\/tags?post=5841"}],"curies":[{"name":"wp","href":"https:\/\/api.w.org\/{rel}","templated":true}]}}