  {"id":5861,"date":"2015-11-30T16:05:05","date_gmt":"2015-11-30T21:05:05","guid":{"rendered":"http:\/\/www.un.org\/sustainabledevelopment\/es\/?p=5861"},"modified":"2017-11-13T16:01:39","modified_gmt":"2017-11-13T21:01:39","slug":"los-lideres-mundiales-se-movilizan-contra-el-cambio-climatico","status":"publish","type":"post","link":"https:\/\/www.un.org\/sustainabledevelopment\/es\/2015\/11\/los-lideres-mundiales-se-movilizan-contra-el-cambio-climatico\/","title":{"rendered":"Los l\u00edderes mundiales se movilizan contra el cambio clim\u00e1tico"},"content":{"rendered":"<p>Los l\u00edderes mundiales reunidos en Par\u00eds han sido advertidos que deben despertarse ante la severidad de los peligros que puede provocar el cambio clim\u00e1tico.<\/p>\n<p>En torno a 150 jefes de Estado y gobierno participan en la Conferencia de Naciones Unidas sobre el Cambio Clim\u00e1tico, conocida como COP21, que a partir de este lunes tratar\u00e1 de alcanzar un acuerdo para, entre otros objetivos, mantener la subida de la temperatura del planeta por debajo de 2 grados cent\u00edgrados.<\/p>\n<p>El presidente franc\u00e9s, Fran\u00e7ois Hollande, inaugur\u00f3 la cumbre.<\/p>\n<blockquote><p>\u00abEs en nombre de la justicia clim\u00e1tica que me dirijo a ustedes hoy. Es en nombre de la justicia clim\u00e1tica que tenemos que actuar. Debemos tomar conciencia de la amenaza para el equilibrio del mundo\u00bb, dijo.<\/p><\/blockquote>\n<p>Se espera que los l\u00edderes alcancen un acuerdo universal despu\u00e9s de dos semanas de conferencia.<br \/>\nEntre las metas clave destacan las medidas para reducir el calentamiento global y un mecanismo mediante el que las econom\u00edas m\u00e1s ricas puedan aportar hasta 100.000 millones de d\u00f3lares al a\u00f1o a partir de 2020 a los pa\u00edses en desarrollo para desarrollar tecnolog\u00eda y construir infraestructura para reducir sus emisiones de di\u00f3xido de carbono.<\/p>\n<p>Christiana Figueres es la titular de la CMNUCC, la entidad de la ONU encargada de organizar la cumbre.<\/p>\n<blockquote><p>\u00abEste a\u00f1o ha supuesto un punto de inflexi\u00f3n. Despu\u00e9s de muchos a\u00f1os de trabajo duro, finalmente vemos una irreversibilidad en la direcci\u00f3n, una profundidad en la participaci\u00f3n y una determinaci\u00f3n en la acci\u00f3n\u00bb, apunt\u00f3.<\/p><\/blockquote>\n<p>Uno de los principales desaf\u00edos que afrontan las delegaciones es determinar si algunos pa\u00edses, los m\u00e1s contaminantes, tienen una mayor responsabilidad para actuar que los dem\u00e1s. Los pa\u00edses en v\u00edas de desarrollo aseguran que los m\u00e1s industrializados deber\u00edan hacer m\u00e1s para recortar sus emisiones de gases de efecto invernadero.<\/p>\n<p>En su discurso, el presidente de Estados Unidos, Barack Obama, admiti\u00f3 que su pa\u00eds, como segundo mayor emisor del mundo, ha contribuido al origen del problema y enumer\u00f3 algunas de las consecuencias m\u00e1s probables si no se toman medidas con urgencia.<\/p>\n<blockquote><p>\n\u00abPa\u00edses inundados, ciudades abandonadas, campos donde no se puede cultivar nada, nuevos conflictos pol\u00edticos e incluso nuevas olas de refugiados desesperados. Ese no es un futuro de econom\u00edas fuertes. Es un futuro que podemos cambiar. Aqu\u00ed mismo. Ahora\u00bb, asegur\u00f3.<\/p><\/blockquote>\n<p>Todos los l\u00edderes participantes podr\u00e1n exponer su visi\u00f3n sobre c\u00f3mo revertir el cambio clim\u00e1tico. El presidente Hollande les dedic\u00f3 el siguiente mensaje de apoyo:<\/p>\n<blockquote><p>\u00abSitu\u00e9monos entonces al m\u00e1s alto nivel para que al menos podamos acercarnos a esta meta, ya que es aqu\u00ed en Par\u00eds donde se decidir\u00e1 el futuro del planeta.\u00bb<\/p><\/blockquote>\n<p>Se espera que esta conferencia pase a la historia como un momento decisivo en la lucha contra el cambio clim\u00e1tico.<\/p>\n<p><a href=\"http:\/\/www.unmultimedia.org\/radio\/spanish\/2015\/11\/los-lideres-mundiales-se-movilizan-contra-el-cambio-climatico\/#.Vly24narSUk\" title=\"Los l\u00edderes mundiales se movilizan contra el cambio clim\u00e1tico\">Radio de la ONU<\/a><\/p>\n","protected":false},"excerpt":{"rendered":"<p>Los l\u00edderes mundiales reunidos en Par\u00eds han sido advertidos que  [&#8230;]<\/p>\n","protected":false},"author":37,"featured_media":5821,"comment_status":"closed","ping_status":"closed","sticky":false,"template":"","format":"standard","meta":{"_et_pb_use_builder":"","_et_pb_old_content":"","_et_gb_content_width":"","footnotes":""},"categories":[5],"tags":[],"class_list":["post-5861","post","type-post","status-publish","format-standard","has-post-thumbnail","hentry","category-climate-change"],"_links":{"self":[{"href":"https:\/\/www.un.org\/sustainabledevelopment\/es\/wp-json\/wp\/v2\/posts\/5861","targetHints":{"allow":["GET"]}}],"collection":[{"href":"https:\/\/www.un.org\/sustainabledevelopment\/es\/wp-json\/wp\/v2\/posts"}],"about":[{"href":"https:\/\/www.un.org\/sustainabledevelopment\/es\/wp-json\/wp\/v2\/types\/post"}],"author":[{"embeddable":true,"href":"https:\/\/www.un.org\/sustainabledevelopment\/es\/wp-json\/wp\/v2\/users\/37"}],"replies":[{"embeddable":true,"href":"https:\/\/www.un.org\/sustainabledevelopment\/es\/wp-json\/wp\/v2\/comments?post=5861"}],"version-history":[{"count":0,"href":"https:\/\/www.un.org\/sustainabledevelopment\/es\/wp-json\/wp\/v2\/posts\/5861\/revisions"}],"wp:featuredmedia":[{"embeddable":true,"href":"https:\/\/www.un.org\/sustainabledevelopment\/es\/wp-json\/wp\/v2\/media\/5821"}],"wp:attachment":[{"href":"https:\/\/www.un.org\/sustainabledevelopment\/es\/wp-json\/wp\/v2\/media?parent=5861"}],"wp:term":[{"taxonomy":"category","embeddable":true,"href":"https:\/\/www.un.org\/sustainabledevelopment\/es\/wp-json\/wp\/v2\/categories?post=5861"},{"taxonomy":"post_tag","embeddable":true,"href":"https:\/\/www.un.org\/sustainabledevelopment\/es\/wp-json\/wp\/v2\/tags?post=5861"}],"curies":[{"name":"wp","href":"https:\/\/api.w.org\/{rel}","templated":true}]}}