  {"id":5893,"date":"2015-12-01T14:47:07","date_gmt":"2015-12-01T19:47:07","guid":{"rendered":"http:\/\/www.un.org\/sustainabledevelopment\/es\/?p=5893"},"modified":"2017-11-13T16:01:38","modified_gmt":"2017-11-13T21:01:38","slug":"la-proteccion-a-los-bosques-y-la-agricultura-es-vital-para-la-seguridad-alimentaria","status":"publish","type":"post","link":"https:\/\/www.un.org\/sustainabledevelopment\/es\/2015\/12\/la-proteccion-a-los-bosques-y-la-agricultura-es-vital-para-la-seguridad-alimentaria\/","title":{"rendered":"La protecci\u00f3n a los bosques y la agricultura es vital para la seguridad alimentaria"},"content":{"rendered":"<p>Los participantes en la COP21 discutieron hoy sobre la importancia de proteger los bosques y la agricultura para mejorar los medios de vida de millones de personas y garantizar la seguridad alimentaria de la poblaci\u00f3n mundial.<\/p>\n<p>En la segunda jornada de la Conferencia de la ONU sobre Cambio Clim\u00e1tico, que tiene lugar en Par\u00eds, se anunciaron varias alianzas multisectoriales que tienen el prop\u00f3sito de combatir la deforestaci\u00f3n y la degradaci\u00f3n de los bosques, y evitar las amenazas a las actividades agr\u00edcolas.<\/p>\n<p>Los representantes de los gobiernos, el sector privado, la sociedad civil y los pueblos ind\u00edgenas coincidieron en la necesidad de que los usos de la tierra y la explotaci\u00f3n de los bosques sigan m\u00e9todos responsables para disminuir las emisiones de gases de efecto invernadero y, al mismo tiempo, conservar los ecosistemas que sirven de pulm\u00f3n al planeta y representan el medio de vida de muchas comunidades.<\/p>\n<p>Los asistentes a la COP 21 recordaron que la agricultura y la industria forestal generan casi la cuarta parte de las emisiones contaminantes y se\u00f1alaron que la mayor parte de la deforestaci\u00f3n y degradaci\u00f3n de la tierra responde a la alta demanda de alimentos y maderas, y la forma insostenible de producirlos.<\/p>\n<p>El ministro de Medio Ambiente de Per\u00fa, Manuel Pulgar Vidal, orador del foro explic\u00f3 en entrevista con Radio ONU que hay tres decisiones acordadas previamente que son clave para la protecci\u00f3n de los bosques: el reto de Bonn, donde se estableci\u00f3 una meta de restauraci\u00f3n de zonas o tierras degradadas; la declaraci\u00f3n de Nueva York, promovida por el Secretario General de la ONU, y el reto de Lima.<\/p>\n<blockquote><p>\u00abLas tres declaraciones est\u00e1n vinculadas no solamente a la restauraci\u00f3n de tierras degradadas, sino tambi\u00e9n a la lucha contra la deforestaci\u00f3n para reducir por lo menos a la mitad la tasa de deforestaci\u00f3n que hoy d\u00eda tenemos para el a\u00f1o 2020. Son metas que coinciden con las que se est\u00e1n planteando en el acuerdo clim\u00e1tico que se adoptar\u00eda este a\u00f1o en Par\u00eds\u00bb, dijo.<\/p><\/blockquote>\n<p>Pulgar Vidal indic\u00f3 que los pa\u00edses forestales en asociaci\u00f3n con otros gobiernos, el sector privado y la sociedad civil est\u00e1n listos para aumentar los esfuerzos internacionales para alcanzar esos objetivos.<\/p>\n<p><a href=\"http:\/\/www.un.org\/spanish\/News\/story.asp?NewsID=33954\" title=\"La protecci\u00f3n a los bosques y la agricultura es vital para la seguridad alimentaria\">Centro de noticias de la ONU<\/a><\/p>\n","protected":false},"excerpt":{"rendered":"<p>Los participantes en la COP21 discutieron hoy sobre la importancia  [&#8230;]<\/p>\n","protected":false},"author":37,"featured_media":5897,"comment_status":"closed","ping_status":"closed","sticky":false,"template":"","format":"standard","meta":{"_et_pb_use_builder":"","_et_pb_old_content":"","_et_gb_content_width":"","footnotes":""},"categories":[5],"tags":[],"class_list":["post-5893","post","type-post","status-publish","format-standard","has-post-thumbnail","hentry","category-climate-change"],"_links":{"self":[{"href":"https:\/\/www.un.org\/sustainabledevelopment\/es\/wp-json\/wp\/v2\/posts\/5893","targetHints":{"allow":["GET"]}}],"collection":[{"href":"https:\/\/www.un.org\/sustainabledevelopment\/es\/wp-json\/wp\/v2\/posts"}],"about":[{"href":"https:\/\/www.un.org\/sustainabledevelopment\/es\/wp-json\/wp\/v2\/types\/post"}],"author":[{"embeddable":true,"href":"https:\/\/www.un.org\/sustainabledevelopment\/es\/wp-json\/wp\/v2\/users\/37"}],"replies":[{"embeddable":true,"href":"https:\/\/www.un.org\/sustainabledevelopment\/es\/wp-json\/wp\/v2\/comments?post=5893"}],"version-history":[{"count":0,"href":"https:\/\/www.un.org\/sustainabledevelopment\/es\/wp-json\/wp\/v2\/posts\/5893\/revisions"}],"wp:featuredmedia":[{"embeddable":true,"href":"https:\/\/www.un.org\/sustainabledevelopment\/es\/wp-json\/wp\/v2\/media\/5897"}],"wp:attachment":[{"href":"https:\/\/www.un.org\/sustainabledevelopment\/es\/wp-json\/wp\/v2\/media?parent=5893"}],"wp:term":[{"taxonomy":"category","embeddable":true,"href":"https:\/\/www.un.org\/sustainabledevelopment\/es\/wp-json\/wp\/v2\/categories?post=5893"},{"taxonomy":"post_tag","embeddable":true,"href":"https:\/\/www.un.org\/sustainabledevelopment\/es\/wp-json\/wp\/v2\/tags?post=5893"}],"curies":[{"name":"wp","href":"https:\/\/api.w.org\/{rel}","templated":true}]}}