  {"id":5945,"date":"2015-12-05T11:11:57","date_gmt":"2015-12-05T16:11:57","guid":{"rendered":"http:\/\/www.un.org\/sustainabledevelopment\/es\/?p=5945"},"modified":"2017-11-13T16:01:35","modified_gmt":"2017-11-13T21:01:35","slug":"secretario-general-anuncia-una-cumbre-de-accion-sobre-el-clima-en-2016","status":"publish","type":"post","link":"https:\/\/www.un.org\/sustainabledevelopment\/es\/2015\/12\/secretario-general-anuncia-una-cumbre-de-accion-sobre-el-clima-en-2016\/","title":{"rendered":"Secretario General anuncia una Cumbre de Acci\u00f3n sobre el Clima en 2016"},"content":{"rendered":"<p>El Secretario General de la ONU anunci\u00f3 este s\u00e1bado durante la Conferencia de Naciones Unidas sobre Cambio Clim\u00e1tico (COP21) la celebraci\u00f3n de una Cumbre de Acci\u00f3n sobre el Clima en mayo de 2016 para continuar con el \u00edmpetu generado por la Conferencia de Par\u00eds.<\/p>\n<p>La Cumbre se llevar\u00e1 a cabo en la ciudad de Washington D.C. en Estados Unidos para demostrar las acciones concretas tomadas desde la COP21.<br \/>\nEn un evento denominado D\u00eda de Acci\u00f3n, Ban Ki-moon destac\u00f3 la importancia de las asociaciones que est\u00e1n emergiendo para combatir el cambio clim\u00e1tico.<\/p>\n<p>\u00abGobiernos, ciudades, el sector privado, los inversionistas y el p\u00fablico en general entienden cada vez m\u00e1s los enormes riesgos del cambio clim\u00e1tico. Tambi\u00e9n ven los beneficios tangibles que se pueden obtener con acciones tempranas. Estos incluyen el crecimiento econ\u00f3mico, nuevos mercados, la creaci\u00f3n de empleo, un aire m\u00e1s limpio y mejor salud\u00bb, dijo Ban.<\/p>\n<p>Bob Orr es el asesor del Secretario General sobre Cambio Clim\u00e1tico. En declaraciones a Radio ONU explic\u00f3 que en Par\u00eds se han formado alianzas sin precedentes que requieren continuidad para cumplir con las metas ambiciosas de contrarrestar el calentamiento global.<\/p>\n<p>\u00abEs sumamente importante que de aqu\u00ed en Par\u00eds todos los pa\u00edses del mundo comencemos a implementar este acuerdo inmediatamente y tambi\u00e9n que todas las coaliciones de actores privados, de la sociedad civil, de los gobiernos y los alcaldes, los gobernadores, que todos salgan de aqu\u00ed con cosas concretas que van a hacer inmediatamente\u00bb.<\/p>\n<p>El alto funcionario subray\u00f3 que la Cumbre de Acci\u00f3n sobre el clima prevista para mayo del pr\u00f3ximo a\u00f1o ser\u00e1 una oportunidad \u00fanica para que todos esos grupos trabajen juntos y demuestren que el acuerdo obtenido en la COP21 se puede implementar sin demora. <\/p>\n<p><a href=\"http:\/\/www.un.org\/spanish\/News\/story.asp?NewsID=33986\" title=\"Secretario General anuncia una Cumbre de Acci\u00f3n sobre el Clima en 2016\" target=\"_blank\">Centro de noticias de la ONU<\/a><\/p>\n","protected":false},"excerpt":{"rendered":"<p>El Secretario General de la ONU anunci\u00f3 este s\u00e1bado durante  [&#8230;]<\/p>\n","protected":false},"author":34,"featured_media":5949,"comment_status":"closed","ping_status":"closed","sticky":false,"template":"","format":"standard","meta":{"_et_pb_use_builder":"","_et_pb_old_content":"","_et_gb_content_width":"","footnotes":""},"categories":[5,16,31],"tags":[],"class_list":["post-5945","post","type-post","status-publish","format-standard","has-post-thumbnail","hentry","category-climate-change","category-news","category-secretario-general"],"_links":{"self":[{"href":"https:\/\/www.un.org\/sustainabledevelopment\/es\/wp-json\/wp\/v2\/posts\/5945","targetHints":{"allow":["GET"]}}],"collection":[{"href":"https:\/\/www.un.org\/sustainabledevelopment\/es\/wp-json\/wp\/v2\/posts"}],"about":[{"href":"https:\/\/www.un.org\/sustainabledevelopment\/es\/wp-json\/wp\/v2\/types\/post"}],"author":[{"embeddable":true,"href":"https:\/\/www.un.org\/sustainabledevelopment\/es\/wp-json\/wp\/v2\/users\/34"}],"replies":[{"embeddable":true,"href":"https:\/\/www.un.org\/sustainabledevelopment\/es\/wp-json\/wp\/v2\/comments?post=5945"}],"version-history":[{"count":0,"href":"https:\/\/www.un.org\/sustainabledevelopment\/es\/wp-json\/wp\/v2\/posts\/5945\/revisions"}],"wp:featuredmedia":[{"embeddable":true,"href":"https:\/\/www.un.org\/sustainabledevelopment\/es\/wp-json\/wp\/v2\/media\/5949"}],"wp:attachment":[{"href":"https:\/\/www.un.org\/sustainabledevelopment\/es\/wp-json\/wp\/v2\/media?parent=5945"}],"wp:term":[{"taxonomy":"category","embeddable":true,"href":"https:\/\/www.un.org\/sustainabledevelopment\/es\/wp-json\/wp\/v2\/categories?post=5945"},{"taxonomy":"post_tag","embeddable":true,"href":"https:\/\/www.un.org\/sustainabledevelopment\/es\/wp-json\/wp\/v2\/tags?post=5945"}],"curies":[{"name":"wp","href":"https:\/\/api.w.org\/{rel}","templated":true}]}}