  {"id":5953,"date":"2015-12-07T14:26:27","date_gmt":"2015-12-07T19:26:27","guid":{"rendered":"http:\/\/www.un.org\/sustainabledevelopment\/es\/?p=5953"},"modified":"2017-11-13T16:01:31","modified_gmt":"2017-11-13T21:01:31","slug":"cop21-ban-urge-a-negociadores-a-alcanzar-un-consenso-para-el-acuerdo-sobre-cambio-climatico","status":"publish","type":"post","link":"https:\/\/www.un.org\/sustainabledevelopment\/es\/2015\/12\/cop21-ban-urge-a-negociadores-a-alcanzar-un-consenso-para-el-acuerdo-sobre-cambio-climatico\/","title":{"rendered":"COP21: Ban urge a negociadores a alcanzar un consenso para el acuerdo sobre cambio clim\u00e1tico"},"content":{"rendered":"<p>El Secretario General de la ONU urgi\u00f3 hoy a los ministros y negociadores reunidos en la Conferencia de Naciones Unidas sobre Cambio Clim\u00e1tico (COP21) a no desperdiciar la oportunidad de alcanzar en Par\u00eds un acuerdo que transforme el futuro.<\/p>\n<p>En una conferencia de prensa en el marco de esa cumbre, Ban Ki-moon, subray\u00f3 que se requieren acciones decisivas ya que el mundo no puede permitirse decisiones a medias o demoras en este campo.<\/p>\n<p>Ban les record\u00f3 que quedan menos de cuatro d\u00edas para que concluya la reuni\u00f3n y lament\u00f3 que a\u00fan existan temas dif\u00edciles de aprobar.<\/p>\n<p>\u00abLes pido compromiso y participaci\u00f3n constructiva para que podamos llegar a un consenso. Los intereses nacionales de cada pa\u00eds pueden y ser\u00e1n mejor atendidos si trabajamos por el bien com\u00fan\u00bb, declar\u00f3.<\/p>\n<p>El titular de la ONU indic\u00f3 que los compromisos nacionales son bienvenidos como un punto de partida, pero aclar\u00f3 que son insuficientes para alcanzar el objetivo de limitar el aumento de la temperatura a dos grados cent\u00edgrados.<\/p>\n<p>\u00abDebemos ir m\u00e1s lejos y m\u00e1s r\u00e1pido\u00bb, puntualiz\u00f3 Ban.<\/p>\n<p><a href=\"http:\/\/www.un.org\/spanish\/News\/story.asp?NewsID=33990http:\/\/\" title=\"COP21: Ban urge a negociadores a alcanzar un consenso para el acuerdo sobre cambio clim\u00e1tico\" target=\"_blank\">Centro de Noticias de la ONU<\/a><\/p>\n","protected":false},"excerpt":{"rendered":"<p>El Secretario General de la ONU urgi\u00f3 hoy a los  [&#8230;]<\/p>\n","protected":false},"author":34,"featured_media":5957,"comment_status":"closed","ping_status":"closed","sticky":false,"template":"","format":"standard","meta":{"_et_pb_use_builder":"","_et_pb_old_content":"","_et_gb_content_width":"","footnotes":""},"categories":[5,16],"tags":[],"class_list":["post-5953","post","type-post","status-publish","format-standard","has-post-thumbnail","hentry","category-climate-change","category-news"],"_links":{"self":[{"href":"https:\/\/www.un.org\/sustainabledevelopment\/es\/wp-json\/wp\/v2\/posts\/5953","targetHints":{"allow":["GET"]}}],"collection":[{"href":"https:\/\/www.un.org\/sustainabledevelopment\/es\/wp-json\/wp\/v2\/posts"}],"about":[{"href":"https:\/\/www.un.org\/sustainabledevelopment\/es\/wp-json\/wp\/v2\/types\/post"}],"author":[{"embeddable":true,"href":"https:\/\/www.un.org\/sustainabledevelopment\/es\/wp-json\/wp\/v2\/users\/34"}],"replies":[{"embeddable":true,"href":"https:\/\/www.un.org\/sustainabledevelopment\/es\/wp-json\/wp\/v2\/comments?post=5953"}],"version-history":[{"count":0,"href":"https:\/\/www.un.org\/sustainabledevelopment\/es\/wp-json\/wp\/v2\/posts\/5953\/revisions"}],"wp:featuredmedia":[{"embeddable":true,"href":"https:\/\/www.un.org\/sustainabledevelopment\/es\/wp-json\/wp\/v2\/media\/5957"}],"wp:attachment":[{"href":"https:\/\/www.un.org\/sustainabledevelopment\/es\/wp-json\/wp\/v2\/media?parent=5953"}],"wp:term":[{"taxonomy":"category","embeddable":true,"href":"https:\/\/www.un.org\/sustainabledevelopment\/es\/wp-json\/wp\/v2\/categories?post=5953"},{"taxonomy":"post_tag","embeddable":true,"href":"https:\/\/www.un.org\/sustainabledevelopment\/es\/wp-json\/wp\/v2\/tags?post=5953"}],"curies":[{"name":"wp","href":"https:\/\/api.w.org\/{rel}","templated":true}]}}