  {"id":6005,"date":"2015-12-11T15:31:47","date_gmt":"2015-12-11T20:31:47","guid":{"rendered":"http:\/\/www.un.org\/sustainabledevelopment\/es\/?p=6005"},"modified":"2017-11-13T16:01:30","modified_gmt":"2017-11-13T21:01:30","slug":"cop21-ban-pide-a-los-negociadores-que-decidan-en-favor-de-la-humanidad","status":"publish","type":"post","link":"https:\/\/www.un.org\/sustainabledevelopment\/es\/2015\/12\/cop21-ban-pide-a-los-negociadores-que-decidan-en-favor-de-la-humanidad\/","title":{"rendered":"COP21: Ban pide a los negociadores que decidan en favor de la humanidad"},"content":{"rendered":"<p>El Secretario General de la ONU inst\u00f3 hoy a los negociadores encargados de redactar el acuerdo que se adoptar\u00e1 en la Cumbre sobre Cambio Clim\u00e1tico (COP21) que tiene lugar en Par\u00eds a tomar sus decisiones a favor de la humanidad y desde una perspectiva global.<\/p>\n<blockquote><p>\u00abEste no es el momento de hablar de las perspectivas nacionales. Las buenas soluciones globales conducir\u00e1n a las buenas soluciones locales\u00bb, enfatiz\u00f3 Ban Ki-moon al hablar a la prensa, acompa\u00f1ado del presidente de la COP21, el ministro de Relaciones Exteriores franc\u00e9s, Laurent Fabius.<\/p><\/blockquote>\n<p>El fin de la conferencia, programado originalmente para hoy viernes, fue pospuesto para el s\u00e1bado porque persisten reservas sobre la forma en que quedar\u00e1n plasmados en el acuerdo temas como la diferenciaci\u00f3n, la ambici\u00f3n de reducci\u00f3n de las emisiones de los gases que causan el calentamiento global y el financiamiento para mitigar sus efectos.<\/p>\n<p>Fabius pronostic\u00f3 que el acuerdo estar\u00e1 listo el s\u00e1bado para las 9 de la ma\u00f1ana de Par\u00eds.<\/p>\n<blockquote><p>Ban agradeci\u00f3 la labor y liderazgo de Francia en las negociaciones: \u00abLe agradezco mucho el trabajo, la diplomacia y los esfuerzos que han sido apreciados por todo el mundo\u00bb, dijo, dirigi\u00e9ndose a Fabius.<\/p><\/blockquote>\n<p>El titular de la ONU expres\u00f3 su convencimiento de que las negociaciones podr\u00e1n traducirse en un acuerdo ambicioso y fuerte.<\/p>\n<p><a href=\"http:\/\/www.un.org\/spanish\/News\/story.asp?NewsID=34032\" title=\"COP21: Ban pide a los negociadores que decidan en favor de la humanidad\">Centro de noticias de la ONU<\/a><\/p>\n","protected":false},"excerpt":{"rendered":"<p>El Secretario General de la ONU inst\u00f3 hoy a los  [&#8230;]<\/p>\n","protected":false},"author":37,"featured_media":6009,"comment_status":"closed","ping_status":"closed","sticky":false,"template":"","format":"standard","meta":{"_et_pb_use_builder":"","_et_pb_old_content":"","_et_gb_content_width":"","footnotes":""},"categories":[5],"tags":[],"class_list":["post-6005","post","type-post","status-publish","format-standard","has-post-thumbnail","hentry","category-climate-change"],"_links":{"self":[{"href":"https:\/\/www.un.org\/sustainabledevelopment\/es\/wp-json\/wp\/v2\/posts\/6005","targetHints":{"allow":["GET"]}}],"collection":[{"href":"https:\/\/www.un.org\/sustainabledevelopment\/es\/wp-json\/wp\/v2\/posts"}],"about":[{"href":"https:\/\/www.un.org\/sustainabledevelopment\/es\/wp-json\/wp\/v2\/types\/post"}],"author":[{"embeddable":true,"href":"https:\/\/www.un.org\/sustainabledevelopment\/es\/wp-json\/wp\/v2\/users\/37"}],"replies":[{"embeddable":true,"href":"https:\/\/www.un.org\/sustainabledevelopment\/es\/wp-json\/wp\/v2\/comments?post=6005"}],"version-history":[{"count":0,"href":"https:\/\/www.un.org\/sustainabledevelopment\/es\/wp-json\/wp\/v2\/posts\/6005\/revisions"}],"wp:featuredmedia":[{"embeddable":true,"href":"https:\/\/www.un.org\/sustainabledevelopment\/es\/wp-json\/wp\/v2\/media\/6009"}],"wp:attachment":[{"href":"https:\/\/www.un.org\/sustainabledevelopment\/es\/wp-json\/wp\/v2\/media?parent=6005"}],"wp:term":[{"taxonomy":"category","embeddable":true,"href":"https:\/\/www.un.org\/sustainabledevelopment\/es\/wp-json\/wp\/v2\/categories?post=6005"},{"taxonomy":"post_tag","embeddable":true,"href":"https:\/\/www.un.org\/sustainabledevelopment\/es\/wp-json\/wp\/v2\/tags?post=6005"}],"curies":[{"name":"wp","href":"https:\/\/api.w.org\/{rel}","templated":true}]}}