  {"id":6017,"date":"2015-12-12T10:29:52","date_gmt":"2015-12-12T15:29:52","guid":{"rendered":"http:\/\/www.un.org\/sustainabledevelopment\/es\/?p=6017"},"modified":"2017-11-13T16:01:29","modified_gmt":"2017-11-13T21:01:29","slug":"los-lideres-mundiales-adoptan-un-acuerdo-historico-sobre-el-cambio-climatico-en-paris","status":"publish","type":"post","link":"https:\/\/www.un.org\/sustainabledevelopment\/es\/2015\/12\/los-lideres-mundiales-adoptan-un-acuerdo-historico-sobre-el-cambio-climatico-en-paris\/","title":{"rendered":"Los l\u00edderes mundiales adoptan un acuerdo hist\u00f3rico sobre el Cambio Clim\u00e1tico en Par\u00eds"},"content":{"rendered":"<p>Tras dos semanas de intensas negociaciones 196 alcanzaron en Par\u00eds un pacto global que intentar\u00e1 limitar el aumento de las temperaturas del planeta a menos de 2 grados cent\u00edgrados.<\/p>\n<p>Las delegaciones premiaron con una larga ovaci\u00f3n el momento en que el Presidente de la Conferencia, el Canciller franc\u00e9s, Laurent Fabius, se\u00f1alaba la aprobaci\u00f3n por consenso del esperado pacto.<\/p>\n<p>Al hablar en la sesi\u00f3n de clausura, Ban Ki-moon transmiti\u00f3 una calurosa felicitaci\u00f3n a los delegados y afirm\u00f3 que el 12 de diciembre pasar\u00e1 a la historia por el alcance de un acuerdo que constituye un triunfo monumental para los pueblos y el planeta.<\/p>\n<p>\u201cNo pod\u00eda irme sin agradecerles a todos. En momentos de un reto sin precedentes, han demostrado un liderazgo sin precedentes\u201d, les dijo Ban.<\/p>\n<p>A\u00f1adi\u00f3 que los negociadores hab\u00edan alcanzado resultados s\u00f3lidos en todos los puntos principales y que hab\u00edan logrado un acuerdo solidario.<\/p>\n<blockquote><p>\u00abEs ambicioso, flexible, creible y duradero. Todos los pa\u00edses han acordado mantener la elevaci\u00f3n de la temperatura a un nivel mucho m\u00e1s bajo que los 2 grados cent\u00edgrados. Y al reconocer que los riesgos implican graves consecuencias han acordado que el limite sea 1.5 grados, algo muy importante para los peque\u00f1os Estados insulares y los pa\u00edses menos desarrollados. Han escuchado las voces de los m\u00e1s vulnerables\u00bb, dijo.<\/p><\/blockquote>\n<p>A\u00f1adi\u00f3 que los Gobiernos se han comprometido a un acuerdo vinculante, robusto, que pugna por la transparencia con el establecimiento de mecanismos de revisi\u00f3n que a partir de 2018 permitir\u00e1 a las partes evaluar cada cinco a\u00f1os qu\u00e9 hace falta hacer en el campo clim\u00e1tico, en sinton\u00eda con la ciencia.<\/p>\n<p>Para hacer efectivo el acuerdo, los pa\u00edses tomaron varias decisiones sobre mitigaci\u00f3n, adaptaci\u00f3n, las p\u00e9rdidas y da\u00f1os relacionadas con el fen\u00f3meno, la financiaci\u00f3n, el desarrollo y la transferencia de tecnolog\u00eda.<\/p>\n<p>Asimismo decidieron establecer el Comit\u00e9 de Par\u00eds sobre el Fomento de la Capacidad, que har\u00e1 frente a las carencias y necesidades que se detecten en los pa\u00edses en desarrollo.<\/p>\n<p>El Acuerdo de Paris ser\u00e1 firmado formalmente el 22 de abril de 2016 en la sede de la ONU y entrar\u00e1 en vigor al trig\u00e9simo d\u00eda contado desde la fecha en que no menos de 55 Partes en la Convenci\u00f3n, cuyas emisiones estimadas representen globalmente un 55% del total de las emisiones mundiales de gases de efecto invernadero, hayan depositado sus instrumentos de ratificaci\u00f3n.<\/p>\n<p><a href=\"http:\/\/www.un.org\/spanish\/News\/story.asp?NewsID=34041\" title=\"Los l\u00edderes mundiales adoptan un acuerdo hist\u00f3rico sobre el Cambio Clim\u00e1tico en Par\u00eds\"><br \/>\nCentro de noticias de la ONU<\/a><\/p>\n","protected":false},"excerpt":{"rendered":"<p>Tras dos semanas de intensas negociaciones 196 alcanzaron en Par\u00eds  [&#8230;]<\/p>\n","protected":false},"author":37,"featured_media":6025,"comment_status":"closed","ping_status":"closed","sticky":false,"template":"","format":"standard","meta":{"_et_pb_use_builder":"","_et_pb_old_content":"","_et_gb_content_width":"","footnotes":""},"categories":[5],"tags":[],"class_list":["post-6017","post","type-post","status-publish","format-standard","has-post-thumbnail","hentry","category-climate-change"],"_links":{"self":[{"href":"https:\/\/www.un.org\/sustainabledevelopment\/es\/wp-json\/wp\/v2\/posts\/6017","targetHints":{"allow":["GET"]}}],"collection":[{"href":"https:\/\/www.un.org\/sustainabledevelopment\/es\/wp-json\/wp\/v2\/posts"}],"about":[{"href":"https:\/\/www.un.org\/sustainabledevelopment\/es\/wp-json\/wp\/v2\/types\/post"}],"author":[{"embeddable":true,"href":"https:\/\/www.un.org\/sustainabledevelopment\/es\/wp-json\/wp\/v2\/users\/37"}],"replies":[{"embeddable":true,"href":"https:\/\/www.un.org\/sustainabledevelopment\/es\/wp-json\/wp\/v2\/comments?post=6017"}],"version-history":[{"count":0,"href":"https:\/\/www.un.org\/sustainabledevelopment\/es\/wp-json\/wp\/v2\/posts\/6017\/revisions"}],"wp:featuredmedia":[{"embeddable":true,"href":"https:\/\/www.un.org\/sustainabledevelopment\/es\/wp-json\/wp\/v2\/media\/6025"}],"wp:attachment":[{"href":"https:\/\/www.un.org\/sustainabledevelopment\/es\/wp-json\/wp\/v2\/media?parent=6017"}],"wp:term":[{"taxonomy":"category","embeddable":true,"href":"https:\/\/www.un.org\/sustainabledevelopment\/es\/wp-json\/wp\/v2\/categories?post=6017"},{"taxonomy":"post_tag","embeddable":true,"href":"https:\/\/www.un.org\/sustainabledevelopment\/es\/wp-json\/wp\/v2\/tags?post=6017"}],"curies":[{"name":"wp","href":"https:\/\/api.w.org\/{rel}","templated":true}]}}