  {"id":6029,"date":"2015-12-11T11:05:49","date_gmt":"2015-12-11T16:05:49","guid":{"rendered":"http:\/\/www.un.org\/sustainabledevelopment\/es\/?p=6029"},"modified":"2017-11-13T16:01:30","modified_gmt":"2017-11-13T21:01:30","slug":"es-un-imperativo-moral-que-el-acuerdo-de-paris-sea-justo-para-los-pobres","status":"publish","type":"post","link":"https:\/\/www.un.org\/sustainabledevelopment\/es\/2015\/12\/es-un-imperativo-moral-que-el-acuerdo-de-paris-sea-justo-para-los-pobres\/","title":{"rendered":"\u00abEs un imperativo moral que el acuerdo de Par\u00eds sea justo para los pobres\u00bb"},"content":{"rendered":"<p>Cuando faltan apenas unas 24 horas para que acabe la Conferencia de la ONU sobre el Cambio Clim\u00e1tico en Par\u00eds, que se ha prolongado un d\u00eda m\u00e1s para lograr cerrar un acuerdo universal, Ecuador sigue de cerca la evoluci\u00f3n de las negociaciones.<\/p>\n<p>Un pa\u00eds caracterizado por su enorme biodiversidad, Ecuador es uno de los fuertes defensores de una meta m\u00e1s ambiciosa de cara a la reducci\u00f3n de los gases de efecto invernadero con el fin de rebajar el aumento de la temperatura global a 1,5 grados cent\u00edgrados, en lugar de los 2 grados acordados actualmente.<\/p>\n<p>En una entrevista para Radio ONU, nuestra enviada especial en la COP21, Cristina Silveiro, convers\u00f3 con Daniel Ortega, ministro de Ambiente de Ecuador, sobre c\u00f3mo encara el pa\u00eds estas pr\u00f3ximas 24 horas y cu\u00e1les son sus imperativos de cara al acuerdo clim\u00e1tico.<\/p>\n<p><a href=\"http:\/\/www.unmultimedia.org\/radio\/spanish\/2015\/12\/es-un-imperativo-moral-que-el-acuerdo-de-paris-sea-justo-para-los-pobres\/\" title=\"\u00abEs un imperativo moral que el acuerdo de Par\u00eds sea justo para los pobres\u00bb\"><br \/>\nRadio de la ONU<\/a><\/p>\n","protected":false},"excerpt":{"rendered":"<p>Cuando faltan apenas unas 24 horas para que acabe la  [&#8230;]<\/p>\n","protected":false},"author":37,"featured_media":6033,"comment_status":"closed","ping_status":"closed","sticky":false,"template":"","format":"standard","meta":{"_et_pb_use_builder":"","_et_pb_old_content":"","_et_gb_content_width":"","footnotes":""},"categories":[5],"tags":[],"class_list":["post-6029","post","type-post","status-publish","format-standard","has-post-thumbnail","hentry","category-climate-change"],"_links":{"self":[{"href":"https:\/\/www.un.org\/sustainabledevelopment\/es\/wp-json\/wp\/v2\/posts\/6029","targetHints":{"allow":["GET"]}}],"collection":[{"href":"https:\/\/www.un.org\/sustainabledevelopment\/es\/wp-json\/wp\/v2\/posts"}],"about":[{"href":"https:\/\/www.un.org\/sustainabledevelopment\/es\/wp-json\/wp\/v2\/types\/post"}],"author":[{"embeddable":true,"href":"https:\/\/www.un.org\/sustainabledevelopment\/es\/wp-json\/wp\/v2\/users\/37"}],"replies":[{"embeddable":true,"href":"https:\/\/www.un.org\/sustainabledevelopment\/es\/wp-json\/wp\/v2\/comments?post=6029"}],"version-history":[{"count":0,"href":"https:\/\/www.un.org\/sustainabledevelopment\/es\/wp-json\/wp\/v2\/posts\/6029\/revisions"}],"wp:featuredmedia":[{"embeddable":true,"href":"https:\/\/www.un.org\/sustainabledevelopment\/es\/wp-json\/wp\/v2\/media\/6033"}],"wp:attachment":[{"href":"https:\/\/www.un.org\/sustainabledevelopment\/es\/wp-json\/wp\/v2\/media?parent=6029"}],"wp:term":[{"taxonomy":"category","embeddable":true,"href":"https:\/\/www.un.org\/sustainabledevelopment\/es\/wp-json\/wp\/v2\/categories?post=6029"},{"taxonomy":"post_tag","embeddable":true,"href":"https:\/\/www.un.org\/sustainabledevelopment\/es\/wp-json\/wp\/v2\/tags?post=6029"}],"curies":[{"name":"wp","href":"https:\/\/api.w.org\/{rel}","templated":true}]}}