  {"id":6053,"date":"2015-12-15T13:32:58","date_gmt":"2015-12-15T18:32:58","guid":{"rendered":"http:\/\/www.un.org\/sustainabledevelopment\/es\/?p=6053"},"modified":"2017-11-13T16:01:29","modified_gmt":"2017-11-13T21:01:29","slug":"ban-destaca-ante-la-asamblea-general-la-relevancia-historica-del-acuerdo-de-paris","status":"publish","type":"post","link":"https:\/\/www.un.org\/sustainabledevelopment\/es\/2015\/12\/ban-destaca-ante-la-asamblea-general-la-relevancia-historica-del-acuerdo-de-paris\/","title":{"rendered":"Ban destaca ante la Asamblea General la relevancia hist\u00f3rica del Acuerdo de Par\u00eds"},"content":{"rendered":"<p>El Secretario General de la ONU afirm\u00f3 hoy que el Acuerdo de Par\u00eds para la mitigaci\u00f3n del cambio clim\u00e1tico es un triunfo para la gente, para el planeta y para el multilateralismo.<\/p>\n<p>En su informe a la Asamblea General de la ONU sobre la Conferencia de Par\u00eds (COP21) que concluy\u00f3 el s\u00e1bado pasado, Ban Ki-moon subray\u00f3 la decisi\u00f3n de los pa\u00edses de minimizar los riesgos del cambio clim\u00e1tico asumiendo compromisos s\u00f3lidos.<\/p>\n<p>Record\u00f3 que cada Estado ha prometido reducir sus emisiones contaminantes, fortalecer su respuesta a los efectos del fen\u00f3meno y actuar en las arenas nacional e internacional, entendiendo que las necesidades dom\u00e9sticas se satisfacen mejor cuando se busca el bien com\u00fan.<\/p>\n<p>En este sentido, Ban reiter\u00f3 la importancia de avanzar como un frente unido para lograr la meta de mantener por debajo de 2 grados cent\u00edgrados el aumento de la temperatura global en este siglo y para impulsar un desarrollo incluyente.<\/p>\n<blockquote><p>\u00abTrabajando juntos podemos alcanzar nuestro objetivo com\u00fan de poner fin a la pobreza, fortalecer la paz y garantizar una vida digna y con oportunidades para todos\u00bb, enfatiz\u00f3.<\/p><\/blockquote>\n<p>Finalmente, se\u00f1al\u00f3 que como un primer paso para la implementaci\u00f3n del Acuerdo de Par\u00eds, convocar\u00e1 una ceremonia de alto nivel para la firma del documento el 22 de abril pr\u00f3ximo.<\/p>\n<p><a href=\"http:\/\/www.un.org\/spanish\/News\/story.asp?NewsID=34058\" title=\"Ban destaca ante la Asamblea General la relevancia hist\u00f3rica del Acuerdo de Par\u00eds\">Centro de noticias de la ONU<\/a><\/p>\n","protected":false},"excerpt":{"rendered":"<p>El Secretario General de la ONU afirm\u00f3 hoy que el  [&#8230;]<\/p>\n","protected":false},"author":37,"featured_media":6057,"comment_status":"closed","ping_status":"closed","sticky":false,"template":"","format":"standard","meta":{"_et_pb_use_builder":"","_et_pb_old_content":"","_et_gb_content_width":"","footnotes":""},"categories":[5],"tags":[],"class_list":["post-6053","post","type-post","status-publish","format-standard","has-post-thumbnail","hentry","category-climate-change"],"_links":{"self":[{"href":"https:\/\/www.un.org\/sustainabledevelopment\/es\/wp-json\/wp\/v2\/posts\/6053","targetHints":{"allow":["GET"]}}],"collection":[{"href":"https:\/\/www.un.org\/sustainabledevelopment\/es\/wp-json\/wp\/v2\/posts"}],"about":[{"href":"https:\/\/www.un.org\/sustainabledevelopment\/es\/wp-json\/wp\/v2\/types\/post"}],"author":[{"embeddable":true,"href":"https:\/\/www.un.org\/sustainabledevelopment\/es\/wp-json\/wp\/v2\/users\/37"}],"replies":[{"embeddable":true,"href":"https:\/\/www.un.org\/sustainabledevelopment\/es\/wp-json\/wp\/v2\/comments?post=6053"}],"version-history":[{"count":0,"href":"https:\/\/www.un.org\/sustainabledevelopment\/es\/wp-json\/wp\/v2\/posts\/6053\/revisions"}],"wp:featuredmedia":[{"embeddable":true,"href":"https:\/\/www.un.org\/sustainabledevelopment\/es\/wp-json\/wp\/v2\/media\/6057"}],"wp:attachment":[{"href":"https:\/\/www.un.org\/sustainabledevelopment\/es\/wp-json\/wp\/v2\/media?parent=6053"}],"wp:term":[{"taxonomy":"category","embeddable":true,"href":"https:\/\/www.un.org\/sustainabledevelopment\/es\/wp-json\/wp\/v2\/categories?post=6053"},{"taxonomy":"post_tag","embeddable":true,"href":"https:\/\/www.un.org\/sustainabledevelopment\/es\/wp-json\/wp\/v2\/tags?post=6053"}],"curies":[{"name":"wp","href":"https:\/\/api.w.org\/{rel}","templated":true}]}}