  {"id":6061,"date":"2015-12-16T16:03:10","date_gmt":"2015-12-16T21:03:10","guid":{"rendered":"http:\/\/www.un.org\/sustainabledevelopment\/es\/?p=6061"},"modified":"2017-11-13T16:01:29","modified_gmt":"2017-11-13T21:01:29","slug":"ban-ki-moon-subraya-que-en-2015-ha-habido-avances-historicos-y-tambien-horror","status":"publish","type":"post","link":"https:\/\/www.un.org\/sustainabledevelopment\/es\/2015\/12\/ban-ki-moon-subraya-que-en-2015-ha-habido-avances-historicos-y-tambien-horror\/","title":{"rendered":"Ban Ki-moon subraya que en 2015 ha habido avances hist\u00f3ricos y tambi\u00e9n horror"},"content":{"rendered":"<p>El 2015 ha sido un a\u00f1o de \u00abavances hist\u00f3ricos y horror\u00bb, dijo este mi\u00e9rcoles el Secretario General de Naciones Unidas en su conferencia de prensa de fin de a\u00f1o, en la sede del Organismo en Nueva York.<\/p>\n<p>Ban Ki-moon hizo un resumen de los acontecimientos globales m\u00e1s destacados de los \u00faltimos 12 meses, calific\u00e1ndolo como un a\u00f1o marcado por el auge del terrorismo internacional, que ha provocado la huida de millones de personas de Medio Oriente y partes de \u00c1frica.<\/p>\n<p>El Titular de la ONU asegur\u00f3 que la comunidad internacional debe hacer m\u00e1s para ayudar a la poblaci\u00f3n civil a escapar de los conflictos.<\/p>\n<blockquote><p>\n\u00abEste a\u00f1o hemos visto un flujo \u00e9pico de refugiados y desplazados. Seg\u00fan nos acercamos al a\u00f1o 2016, el mundo debe aspirar a un nuevo pacto global sobre movilidad. Demonizar a las personas y convertirlas en chivos expiatorios en funci\u00f3n de su religi\u00f3n, etnicidad o pa\u00eds de origen no deber\u00eda tener lugar en el siglo XXI\u00bb, dijo Ban.<\/p><\/blockquote>\n<p>Si bien el mundo ha sido testigo de un horror y extremismo cada vez mayor, el Secretario General tambi\u00e9n destac\u00f3 que se lograron importantes hitos este a\u00f1o, incluyendo la adopci\u00f3n de los nuevos 17 Objetivos de Desarrollo Sostenible en septiembre y el Acuerdo global de Par\u00eds hace una semana para reducir el cambio clim\u00e1tico.<\/p>\n<blockquote><p>\u00abEl Acuerdo de Par\u00eds super\u00f3 nuestras expectativas. Los l\u00edderes mundiales reconocieron que es posible hacer m\u00e1s que fijar el denominador com\u00fan m\u00e1s bajo. As\u00ed que se plantearon metas m\u00e1s ambiciosas\u00bb, asegur\u00f3.<\/p><\/blockquote>\n<p>De cara al a\u00f1o que viene, Ban destac\u00f3 la Cumbre Mundial Humanitaria, que se celebrar\u00e1 en mayo en Estambul, como un momento crucial para abordar problemas sist\u00e9micos de financiaci\u00f3n y tratar de alcanzar un acuerdo sobre pasos concretos para prepararse y responder mejor a las crisis.<\/p>\n<blockquote><p>En su resumen del a\u00f1o, el Titular de la ONU tambi\u00e9n hizo una referencia a Am\u00e9rica Latina: \u00abLos colombianos est\u00e1n m\u00e1s cerca de acabar con el conflicto m\u00e1s duradero en el continente\u00bb.<\/p><\/blockquote>\n<p><a href=\"http:\/\/www.un.org\/spanish\/News\/story.asp?NewsID=34066\" title=\"Ban Ki-moon subraya que en 2015 ha habido avances hist\u00f3ricos y tambi\u00e9n horror\"><br \/>\nCentro de noticias de la ONU<\/a><\/p>\n","protected":false},"excerpt":{"rendered":"<p>El 2015 ha sido un a\u00f1o de \u00abavances hist\u00f3ricos y  [&#8230;]<\/p>\n","protected":false},"author":37,"featured_media":6065,"comment_status":"closed","ping_status":"closed","sticky":false,"template":"","format":"standard","meta":{"_et_pb_use_builder":"","_et_pb_old_content":"","_et_gb_content_width":"","footnotes":""},"categories":[5],"tags":[],"class_list":["post-6061","post","type-post","status-publish","format-standard","has-post-thumbnail","hentry","category-climate-change"],"_links":{"self":[{"href":"https:\/\/www.un.org\/sustainabledevelopment\/es\/wp-json\/wp\/v2\/posts\/6061","targetHints":{"allow":["GET"]}}],"collection":[{"href":"https:\/\/www.un.org\/sustainabledevelopment\/es\/wp-json\/wp\/v2\/posts"}],"about":[{"href":"https:\/\/www.un.org\/sustainabledevelopment\/es\/wp-json\/wp\/v2\/types\/post"}],"author":[{"embeddable":true,"href":"https:\/\/www.un.org\/sustainabledevelopment\/es\/wp-json\/wp\/v2\/users\/37"}],"replies":[{"embeddable":true,"href":"https:\/\/www.un.org\/sustainabledevelopment\/es\/wp-json\/wp\/v2\/comments?post=6061"}],"version-history":[{"count":0,"href":"https:\/\/www.un.org\/sustainabledevelopment\/es\/wp-json\/wp\/v2\/posts\/6061\/revisions"}],"wp:featuredmedia":[{"embeddable":true,"href":"https:\/\/www.un.org\/sustainabledevelopment\/es\/wp-json\/wp\/v2\/media\/6065"}],"wp:attachment":[{"href":"https:\/\/www.un.org\/sustainabledevelopment\/es\/wp-json\/wp\/v2\/media?parent=6061"}],"wp:term":[{"taxonomy":"category","embeddable":true,"href":"https:\/\/www.un.org\/sustainabledevelopment\/es\/wp-json\/wp\/v2\/categories?post=6061"},{"taxonomy":"post_tag","embeddable":true,"href":"https:\/\/www.un.org\/sustainabledevelopment\/es\/wp-json\/wp\/v2\/tags?post=6061"}],"curies":[{"name":"wp","href":"https:\/\/api.w.org\/{rel}","templated":true}]}}