  {"id":6692,"date":"2016-03-31T09:55:46","date_gmt":"2016-03-31T13:55:46","guid":{"rendered":"http:\/\/www.un.org\/sustainabledevelopment\/es\/?p=6692"},"modified":"2017-11-13T16:01:27","modified_gmt":"2017-11-13T21:01:27","slug":"naciones-unidas-llama-a-establecer-alianzas-sociales-para-alcanzar-los-ods","status":"publish","type":"post","link":"https:\/\/www.un.org\/sustainabledevelopment\/es\/2016\/03\/naciones-unidas-llama-a-establecer-alianzas-sociales-para-alcanzar-los-ods\/","title":{"rendered":"Naciones Unidas llama a establecer alianzas sociales para alcanzar los ODS"},"content":{"rendered":"<p>Las asociaciones entre los diversos sectores de la sociedad ser\u00e1n cruciales para la implementaci\u00f3n exitosa de la Agenda para el Desarrollo Sostenible 2030. <\/p>\n<p>Esa idea prevaleci\u00f3 en un f\u00f3rum celebrado este jueves en el Consejo Econ\u00f3mico y Social de la ONU (ECOSOC) sobre la hoja de ruta adoptada en septiembre pasado por los Estados para erradicar la pobreza, combatir las desigualdades y la injusticia, y afrontar y mitigar los efectos del cambio clim\u00e1tico.<\/p>\n<p>El presidente de la Asamblea General de la ONU, Mogens Lykketoft, pidi\u00f3 a los participantes concentrar su atenci\u00f3n en las maneras en que se pueden establecer coaliciones de socios procedentes de todos los \u00e1mbitos sociales para apoyar la nueva agenda, as\u00ed como en las f\u00f3rmulas para agilizar la implementaci\u00f3n de sus metas.<\/p>\n<p>Por su parte, en un mensaje del Secretario General de la ONU, le\u00eddo por su asesor David Nabarro, Ban Ki-moon pidi\u00f3 a todos los pa\u00edses transitar r\u00e1pidamente del compromiso a la acci\u00f3n.<\/p>\n<p>\u00abLos Objetivos de Desarrollo del Milenio ofrecen el marco ideal para la creaci\u00f3n de sinergias en los distintos sectores con la participaci\u00f3n de actores gubernamentales, organizaciones internacionales, universidades, la sociedad civil y el sector privado. Para acelerar su aplicaci\u00f3n hace falta alianzas efectivas que incluyan perspectivas diversas y empleen experiencias de distintos campos\u00bb, dijo el mensaje del Secretario General.<\/p>\n<p><a href=\"http:\/\/www.un.org\/spanish\/News\/story.asp?NewsID=34770\" title=\"Naciones Unidas llama a establecer alianzas sociales para alcanzar los ODS\"><br \/>\nCentro de noticias de la ONU<\/a><\/p>\n","protected":false},"excerpt":{"rendered":"<p>Las asociaciones entre los diversos sectores de la sociedad ser\u00e1n  [&#8230;]<\/p>\n","protected":false},"author":37,"featured_media":6696,"comment_status":"closed","ping_status":"closed","sticky":false,"template":"","format":"standard","meta":{"_et_pb_use_builder":"","_et_pb_old_content":"","_et_gb_content_width":"","footnotes":""},"categories":[5],"tags":[],"class_list":["post-6692","post","type-post","status-publish","format-standard","has-post-thumbnail","hentry","category-climate-change"],"_links":{"self":[{"href":"https:\/\/www.un.org\/sustainabledevelopment\/es\/wp-json\/wp\/v2\/posts\/6692","targetHints":{"allow":["GET"]}}],"collection":[{"href":"https:\/\/www.un.org\/sustainabledevelopment\/es\/wp-json\/wp\/v2\/posts"}],"about":[{"href":"https:\/\/www.un.org\/sustainabledevelopment\/es\/wp-json\/wp\/v2\/types\/post"}],"author":[{"embeddable":true,"href":"https:\/\/www.un.org\/sustainabledevelopment\/es\/wp-json\/wp\/v2\/users\/37"}],"replies":[{"embeddable":true,"href":"https:\/\/www.un.org\/sustainabledevelopment\/es\/wp-json\/wp\/v2\/comments?post=6692"}],"version-history":[{"count":0,"href":"https:\/\/www.un.org\/sustainabledevelopment\/es\/wp-json\/wp\/v2\/posts\/6692\/revisions"}],"wp:featuredmedia":[{"embeddable":true,"href":"https:\/\/www.un.org\/sustainabledevelopment\/es\/wp-json\/wp\/v2\/media\/6696"}],"wp:attachment":[{"href":"https:\/\/www.un.org\/sustainabledevelopment\/es\/wp-json\/wp\/v2\/media?parent=6692"}],"wp:term":[{"taxonomy":"category","embeddable":true,"href":"https:\/\/www.un.org\/sustainabledevelopment\/es\/wp-json\/wp\/v2\/categories?post=6692"},{"taxonomy":"post_tag","embeddable":true,"href":"https:\/\/www.un.org\/sustainabledevelopment\/es\/wp-json\/wp\/v2\/tags?post=6692"}],"curies":[{"name":"wp","href":"https:\/\/api.w.org\/{rel}","templated":true}]}}