  {"id":6700,"date":"2016-03-31T10:15:33","date_gmt":"2016-03-31T14:15:33","guid":{"rendered":"http:\/\/www.un.org\/sustainabledevelopment\/es\/?p=6700"},"modified":"2017-11-13T16:01:27","modified_gmt":"2017-11-13T21:01:27","slug":"pnuma-foro-de-medio-ambiente-en-colombia-busca-promover-la-agenda-medioambiental-de-los-ods","status":"publish","type":"post","link":"https:\/\/www.un.org\/sustainabledevelopment\/es\/2016\/03\/pnuma-foro-de-medio-ambiente-en-colombia-busca-promover-la-agenda-medioambiental-de-los-ods\/","title":{"rendered":"PNUMA: Foro de Medio Ambiente en Colombia busca promover la agenda medioambiental de los ODS"},"content":{"rendered":"<p>Los ministros de medio ambiente de Am\u00e9rica Latina concluyen hoy en Cartagena de Indias, Colombia, una reuni\u00f3n de cuatro d\u00edas que explor\u00f3 mecanismos para implementar en la regi\u00f3n la parte ambiental de la Agenda 2030 para el Desarrollo Sostenible.<\/p>\n<p>Durante el encuentro, que cont\u00f3 con el apoyo del Programa de las Naciones Unidas para el Medio Ambiente (PNUMA), se trataron cuestiones como el cambio clim\u00e1tico, el desarrollo sostenible, la cooperaci\u00f3n Sur-Sur, y la relaci\u00f3n entre salud y medio ambiente.<\/p>\n<p>Otros aspectos fueron los aportes de la regi\u00f3n para la segunda sesi\u00f3n de la Asamblea de las Naciones Unidas para el Medio Ambiente (Ä¢¹½ÊÓÆµEA-2) que presidir\u00e1 Am\u00e9rica Latina y tendr\u00e1 lugar en Nairobi, Kenya del 23 al 27 de mayo pr\u00f3ximos.<\/p>\n<p>El director ejecutivo del PNUMA, Achim Steiner, se\u00f1al\u00f3 que la Asamblea ser\u00e1 fundamental a la hora de adoptar decisiones clave como el comercio ilegal de especies silvestres y qu\u00edmicos, el manejo de desechos y la calidad del aire.<\/p>\n<p>Asimismo, Steiner indic\u00f3 que Am\u00e9rica Latina y el Caribe produce menos del 10% del total mundial de emisiones globales de gases de efecto invernadero y se encuentra a la vanguardia de los esfuerzos para hacerles frente.<\/p>\n<p><a href=\"http:\/\/www.un.org\/spanish\/News\/story.asp?NewsID=34772#.Vwuto_krKUk\" title=\"PNUMA: Foro de Medio Ambiente en Colombia busca promover la agenda medioambiental de los ODS\">Centro de noticias de la ONU<\/a><\/p>\n","protected":false},"excerpt":{"rendered":"<p>Los ministros de medio ambiente de Am\u00e9rica Latina concluyen hoy  [&#8230;]<\/p>\n","protected":false},"author":37,"featured_media":5545,"comment_status":"closed","ping_status":"closed","sticky":false,"template":"","format":"standard","meta":{"_et_pb_use_builder":"","_et_pb_old_content":"","_et_gb_content_width":"","footnotes":""},"categories":[5,15,33],"tags":[],"class_list":["post-6700","post","type-post","status-publish","format-standard","has-post-thumbnail","hentry","category-climate-change","category-mdgs","category-programa-de-desarrollo-sostenible"],"_links":{"self":[{"href":"https:\/\/www.un.org\/sustainabledevelopment\/es\/wp-json\/wp\/v2\/posts\/6700","targetHints":{"allow":["GET"]}}],"collection":[{"href":"https:\/\/www.un.org\/sustainabledevelopment\/es\/wp-json\/wp\/v2\/posts"}],"about":[{"href":"https:\/\/www.un.org\/sustainabledevelopment\/es\/wp-json\/wp\/v2\/types\/post"}],"author":[{"embeddable":true,"href":"https:\/\/www.un.org\/sustainabledevelopment\/es\/wp-json\/wp\/v2\/users\/37"}],"replies":[{"embeddable":true,"href":"https:\/\/www.un.org\/sustainabledevelopment\/es\/wp-json\/wp\/v2\/comments?post=6700"}],"version-history":[{"count":0,"href":"https:\/\/www.un.org\/sustainabledevelopment\/es\/wp-json\/wp\/v2\/posts\/6700\/revisions"}],"wp:featuredmedia":[{"embeddable":true,"href":"https:\/\/www.un.org\/sustainabledevelopment\/es\/wp-json\/wp\/v2\/media\/5545"}],"wp:attachment":[{"href":"https:\/\/www.un.org\/sustainabledevelopment\/es\/wp-json\/wp\/v2\/media?parent=6700"}],"wp:term":[{"taxonomy":"category","embeddable":true,"href":"https:\/\/www.un.org\/sustainabledevelopment\/es\/wp-json\/wp\/v2\/categories?post=6700"},{"taxonomy":"post_tag","embeddable":true,"href":"https:\/\/www.un.org\/sustainabledevelopment\/es\/wp-json\/wp\/v2\/tags?post=6700"}],"curies":[{"name":"wp","href":"https:\/\/api.w.org\/{rel}","templated":true}]}}