  {"id":6704,"date":"2016-04-11T10:46:25","date_gmt":"2016-04-11T14:46:25","guid":{"rendered":"http:\/\/www.un.org\/sustainabledevelopment\/es\/?p=6704"},"modified":"2017-11-13T16:01:26","modified_gmt":"2017-11-13T21:01:26","slug":"para-cumplir-la-agenda-2030-america-latina-tendra-que-cambiar-su-estilo-de-desarrollo-segun-la-cepal","status":"publish","type":"post","link":"https:\/\/www.un.org\/sustainabledevelopment\/es\/2016\/04\/para-cumplir-la-agenda-2030-america-latina-tendra-que-cambiar-su-estilo-de-desarrollo-segun-la-cepal\/","title":{"rendered":"Para cumplir la Agenda 2030, Am\u00e9rica Latina tendr\u00e1 que cambiar su estilo de desarrollo, seg\u00fan la CEPAL"},"content":{"rendered":"<p>Para que Am\u00e9rica Latina pueda cumplir los 17 objetivos de la Agenda 2030, aprobada en septiembre por la Asamblea General de la ONU, es imprescindible que adopte un cambio en el estilo de desarrollo y en las pol\u00edticas econ\u00f3micas, industriales, sociales y ambientales, asegur\u00f3 la Secretaria Ejecutiva de la Comisi\u00f3n Econ\u00f3mica para Am\u00e9rica Latina y el Caribe (CEPAL).<\/p>\n<p>Durante la apertura ayer de la tercera reuni\u00f3n del Grupo interinstitucional y de expertos sobre los indicadores de los Objetivos de Desarrollo Sostenible (ODS) que tiene lugar en Ciudad de M\u00e9xico, Alicia B\u00e1rcena reafirm\u00f3 el compromiso de la ONU y la CEPAL de ayudar a los pa\u00edses de la regi\u00f3n a dise\u00f1ar un marco de indicadores para monitorear el cumplimiento de la Agenda.<\/p>\n<p>\u00abEl espacio regional, a trav\u00e9s de las comisiones regionales de la ONU y sus \u00f3rganos subsidiarios de estad\u00edsticas, como la Conferencia Estad\u00edstica de las Am\u00e9ricas, ha jugado y espera seguir jugando un papel vital para avanzar en el establecimiento de un marco de indicadores\u00bb, subray\u00f3 la secretaria general.<\/p>\n<p>Para B\u00e1rcena son imprescindibles los siguientes pasos: integrar los ODS en los planes de desarrollo nacionales, monitorear los medios de implementaci\u00f3n en medio del dif\u00edcil contexto econ\u00f3mico, incluida la lucha contra la evasi\u00f3n fiscal, e impulsar la ciencia, la tecnolog\u00eda y la innovaci\u00f3n.<\/p>\n<p>Uno de los objetivos de la cita en M\u00e9xico es analizar la clasificaci\u00f3n de los 231 indicadores propuestos durante una sesi\u00f3n de la Comisi\u00f3n Estad\u00edstica de la ONU, celebrada del 8 al 11 de marzo en Nueva York. <\/p>\n<p>Los indicadores han sido separados en tres bloques: aquellos donde hay metodolog\u00eda e informaci\u00f3n comparable en el palno internacional, aquellos para los que existen est\u00e1ndares internacionales pero no hay datos, y aquellos que requieren nuevos datos y nuevos m\u00e9todos.<\/p>\n<p>B\u00e1rcena recalc\u00f3 que la CEPAL pone a disposici\u00f3n de los pa\u00edses sus capacidades para facilitar la implementaci\u00f3n y el seguimiento de la Agenda 2030.<\/p>\n<p><a href=\"http:\/\/www.un.org\/spanish\/News\/story.asp?NewsID=34768\" title=\"Para cumplir la Agenda 2030, Am\u00e9rica Latina tendr\u00e1 que cambiar su estilo de desarrollo, seg\u00fan la CEPAL\"><br \/>\nCentro de noticias de la ONU<\/a><\/p>\n","protected":false},"excerpt":{"rendered":"<p>Para que Am\u00e9rica Latina pueda cumplir los 17 objetivos de  [&#8230;]<\/p>\n","protected":false},"author":37,"featured_media":6708,"comment_status":"closed","ping_status":"closed","sticky":false,"template":"","format":"standard","meta":{"_et_pb_use_builder":"","_et_pb_old_content":"","_et_gb_content_width":"","footnotes":""},"categories":[46,15,33],"tags":[],"class_list":["post-6704","post","type-post","status-publish","format-standard","has-post-thumbnail","hentry","category-financiacion-para-el-desarrollo","category-mdgs","category-programa-de-desarrollo-sostenible"],"_links":{"self":[{"href":"https:\/\/www.un.org\/sustainabledevelopment\/es\/wp-json\/wp\/v2\/posts\/6704","targetHints":{"allow":["GET"]}}],"collection":[{"href":"https:\/\/www.un.org\/sustainabledevelopment\/es\/wp-json\/wp\/v2\/posts"}],"about":[{"href":"https:\/\/www.un.org\/sustainabledevelopment\/es\/wp-json\/wp\/v2\/types\/post"}],"author":[{"embeddable":true,"href":"https:\/\/www.un.org\/sustainabledevelopment\/es\/wp-json\/wp\/v2\/users\/37"}],"replies":[{"embeddable":true,"href":"https:\/\/www.un.org\/sustainabledevelopment\/es\/wp-json\/wp\/v2\/comments?post=6704"}],"version-history":[{"count":0,"href":"https:\/\/www.un.org\/sustainabledevelopment\/es\/wp-json\/wp\/v2\/posts\/6704\/revisions"}],"wp:featuredmedia":[{"embeddable":true,"href":"https:\/\/www.un.org\/sustainabledevelopment\/es\/wp-json\/wp\/v2\/media\/6708"}],"wp:attachment":[{"href":"https:\/\/www.un.org\/sustainabledevelopment\/es\/wp-json\/wp\/v2\/media?parent=6704"}],"wp:term":[{"taxonomy":"category","embeddable":true,"href":"https:\/\/www.un.org\/sustainabledevelopment\/es\/wp-json\/wp\/v2\/categories?post=6704"},{"taxonomy":"post_tag","embeddable":true,"href":"https:\/\/www.un.org\/sustainabledevelopment\/es\/wp-json\/wp\/v2\/tags?post=6704"}],"curies":[{"name":"wp","href":"https:\/\/api.w.org\/{rel}","templated":true}]}}