  {"id":6819,"date":"2016-04-22T10:59:08","date_gmt":"2016-04-22T14:59:08","guid":{"rendered":"http:\/\/www.un.org\/sustainabledevelopment\/es\/?p=6819"},"modified":"2017-11-13T16:01:24","modified_gmt":"2017-11-13T21:01:24","slug":"nuestra-carrera-es-contra-el-tiempo-recuerda-ban-en-la-ceremonia-de-firma-del-acuerdo-de-paris","status":"publish","type":"post","link":"https:\/\/www.un.org\/sustainabledevelopment\/es\/2016\/04\/nuestra-carrera-es-contra-el-tiempo-recuerda-ban-en-la-ceremonia-de-firma-del-acuerdo-de-paris\/","title":{"rendered":"Nuestra carrera es contra el tiempo, recuerda Ban en la ceremonia de firma del Acuerdo de Par\u00eds"},"content":{"rendered":"<p>La ceremonia de firma del Acuerdo de Par\u00eds sobre Cambio Clim\u00e1tico dio inicio hoy en la sede de la ONU en Nueva York con un recordatorio del tiempo limitado que tiene el mundo para actuar decisivamente en la mitigaci\u00f3n del fen\u00f3meno. <div class=\"fusion-fullwidth fullwidth-box fusion-builder-row-1 hundred-percent-fullwidth non-hundred-percent-height-scrolling\" style=\"--awb-border-radius-top-left:0px;--awb-border-radius-top-right:0px;--awb-border-radius-bottom-right:0px;--awb-border-radius-bottom-left:0px;--awb-overflow:visible;--awb-flex-wrap:wrap;\" ><div class=\"fusion-builder-row fusion-row\"><div class=\"fusion-layout-column fusion_builder_column fusion-builder-column-0 fusion_builder_column_1_1 1_1 fusion-one-full fusion-column-first fusion-column-last fusion-column-no-min-height\" style=\"--awb-bg-size:cover;--awb-margin-bottom:0px;\"><div class=\"fusion-column-wrapper fusion-flex-column-wrapper-legacy\">[<a title=\"Nuestra carrera es contra el tiempo, recuerda Ban en la ceremonia de firma del Acuerdo de Par\u00eds\" href=\"http:\/\/www.un.org\/spanish\/News\/story.asp?newsID=34924\">Centro de noticias<\/a>]<div class=\"fusion-clearfix\"><\/div><\/div><\/div><\/div><\/div><\/p>\n","protected":false},"excerpt":{"rendered":"<p>La ceremonia de firma del Acuerdo de Par\u00eds sobre Cambio  [&#8230;]<\/p>\n","protected":false},"author":34,"featured_media":6822,"comment_status":"closed","ping_status":"closed","sticky":false,"template":"","format":"standard","meta":{"_et_pb_use_builder":"","_et_pb_old_content":"","_et_gb_content_width":"","footnotes":""},"categories":[5],"tags":[],"class_list":["post-6819","post","type-post","status-publish","format-standard","has-post-thumbnail","hentry","category-climate-change"],"_links":{"self":[{"href":"https:\/\/www.un.org\/sustainabledevelopment\/es\/wp-json\/wp\/v2\/posts\/6819","targetHints":{"allow":["GET"]}}],"collection":[{"href":"https:\/\/www.un.org\/sustainabledevelopment\/es\/wp-json\/wp\/v2\/posts"}],"about":[{"href":"https:\/\/www.un.org\/sustainabledevelopment\/es\/wp-json\/wp\/v2\/types\/post"}],"author":[{"embeddable":true,"href":"https:\/\/www.un.org\/sustainabledevelopment\/es\/wp-json\/wp\/v2\/users\/34"}],"replies":[{"embeddable":true,"href":"https:\/\/www.un.org\/sustainabledevelopment\/es\/wp-json\/wp\/v2\/comments?post=6819"}],"version-history":[{"count":0,"href":"https:\/\/www.un.org\/sustainabledevelopment\/es\/wp-json\/wp\/v2\/posts\/6819\/revisions"}],"wp:featuredmedia":[{"embeddable":true,"href":"https:\/\/www.un.org\/sustainabledevelopment\/es\/wp-json\/wp\/v2\/media\/6822"}],"wp:attachment":[{"href":"https:\/\/www.un.org\/sustainabledevelopment\/es\/wp-json\/wp\/v2\/media?parent=6819"}],"wp:term":[{"taxonomy":"category","embeddable":true,"href":"https:\/\/www.un.org\/sustainabledevelopment\/es\/wp-json\/wp\/v2\/categories?post=6819"},{"taxonomy":"post_tag","embeddable":true,"href":"https:\/\/www.un.org\/sustainabledevelopment\/es\/wp-json\/wp\/v2\/tags?post=6819"}],"curies":[{"name":"wp","href":"https:\/\/api.w.org\/{rel}","templated":true}]}}