  {"id":6825,"date":"2016-04-22T11:07:04","date_gmt":"2016-04-22T15:07:04","guid":{"rendered":"http:\/\/www.un.org\/sustainabledevelopment\/es\/?p=6825"},"modified":"2017-11-13T16:01:24","modified_gmt":"2017-11-13T21:01:24","slug":"la-firma-de-hoy-ha-de-conducir-a-la-prosperidad-global-a-traves-de-la-cooperacion-y-la-solidaridad-indica-peru","status":"publish","type":"post","link":"https:\/\/www.un.org\/sustainabledevelopment\/es\/2016\/04\/la-firma-de-hoy-ha-de-conducir-a-la-prosperidad-global-a-traves-de-la-cooperacion-y-la-solidaridad-indica-peru\/","title":{"rendered":"La firma de hoy ha de conducir a la prosperidad global a trav\u00e9s de la cooperaci\u00f3n y la solidaridad, indica Per\u00fa"},"content":{"rendered":"<p>El Presidente de Per\u00fa se\u00f1al\u00f3 en la sesi\u00f3n de apertura de la ceremonia de alto nivel para la firma del Acuerdo de Par\u00eds sobre Cambio clim\u00e1tico, que esta alianza abre al mundo la posibilidad de encontrar en la cooperaci\u00f3n y la solidaridad las claves del futuro que ha de conducir a una prosperidad que englobe a toda la poblaci\u00f3n mundial. <div class=\"fusion-fullwidth fullwidth-box fusion-builder-row-1 hundred-percent-fullwidth non-hundred-percent-height-scrolling\" style=\"--awb-border-radius-top-left:0px;--awb-border-radius-top-right:0px;--awb-border-radius-bottom-right:0px;--awb-border-radius-bottom-left:0px;--awb-overflow:visible;--awb-flex-wrap:wrap;\" ><div class=\"fusion-builder-row fusion-row\"><div class=\"fusion-layout-column fusion_builder_column fusion-builder-column-0 fusion_builder_column_1_1 1_1 fusion-one-full fusion-column-first fusion-column-last fusion-column-no-min-height\" style=\"--awb-bg-size:cover;--awb-margin-bottom:0px;\"><div class=\"fusion-column-wrapper fusion-flex-column-wrapper-legacy\">[<a href=\"http:\/\/www.un.org\/spanish\/News\/story.asp?NewsID=34925\" title=\"La firma de hoy ha de conducir a la prosperidad global a trav\u00e9s de la cooperaci\u00f3n y la solidaridad, indica Per\u00fa\">Centro de noticias<\/a>]<div class=\"fusion-clearfix\"><\/div><\/div><\/div><\/div><\/div><\/p>\n","protected":false},"excerpt":{"rendered":"<p>El Presidente de Per\u00fa se\u00f1al\u00f3 en la sesi\u00f3n de apertura  [&#8230;]<\/p>\n","protected":false},"author":34,"featured_media":6828,"comment_status":"closed","ping_status":"closed","sticky":false,"template":"","format":"standard","meta":{"_et_pb_use_builder":"","_et_pb_old_content":"","_et_gb_content_width":"","footnotes":""},"categories":[5],"tags":[],"class_list":["post-6825","post","type-post","status-publish","format-standard","has-post-thumbnail","hentry","category-climate-change"],"_links":{"self":[{"href":"https:\/\/www.un.org\/sustainabledevelopment\/es\/wp-json\/wp\/v2\/posts\/6825","targetHints":{"allow":["GET"]}}],"collection":[{"href":"https:\/\/www.un.org\/sustainabledevelopment\/es\/wp-json\/wp\/v2\/posts"}],"about":[{"href":"https:\/\/www.un.org\/sustainabledevelopment\/es\/wp-json\/wp\/v2\/types\/post"}],"author":[{"embeddable":true,"href":"https:\/\/www.un.org\/sustainabledevelopment\/es\/wp-json\/wp\/v2\/users\/34"}],"replies":[{"embeddable":true,"href":"https:\/\/www.un.org\/sustainabledevelopment\/es\/wp-json\/wp\/v2\/comments?post=6825"}],"version-history":[{"count":0,"href":"https:\/\/www.un.org\/sustainabledevelopment\/es\/wp-json\/wp\/v2\/posts\/6825\/revisions"}],"wp:featuredmedia":[{"embeddable":true,"href":"https:\/\/www.un.org\/sustainabledevelopment\/es\/wp-json\/wp\/v2\/media\/6828"}],"wp:attachment":[{"href":"https:\/\/www.un.org\/sustainabledevelopment\/es\/wp-json\/wp\/v2\/media?parent=6825"}],"wp:term":[{"taxonomy":"category","embeddable":true,"href":"https:\/\/www.un.org\/sustainabledevelopment\/es\/wp-json\/wp\/v2\/categories?post=6825"},{"taxonomy":"post_tag","embeddable":true,"href":"https:\/\/www.un.org\/sustainabledevelopment\/es\/wp-json\/wp\/v2\/tags?post=6825"}],"curies":[{"name":"wp","href":"https:\/\/api.w.org\/{rel}","templated":true}]}}