  {"id":7647,"date":"2017-01-24T13:50:52","date_gmt":"2017-01-24T18:50:52","guid":{"rendered":"http:\/\/www.un.org\/sustainabledevelopment\/es\/?p=7647"},"modified":"2017-11-13T16:01:03","modified_gmt":"2017-11-13T21:01:03","slug":"guterres-habla-sobre-la-paz-sostenible-en-reunion-de-alto-nivel-de-la-asamblea-general","status":"publish","type":"post","link":"https:\/\/www.un.org\/sustainabledevelopment\/es\/2017\/01\/guterres-habla-sobre-la-paz-sostenible-en-reunion-de-alto-nivel-de-la-asamblea-general\/","title":{"rendered":"Guterres habla sobre la paz sostenible en reuni\u00f3n de alto nivel de la Asamblea General"},"content":{"rendered":"<p>24 de enero de 2017 \u2014 \u00abLa prioridad de Naciones Unidas es la prevenci\u00f3n de conflictos, y estar preparados para afrontar desastres naturales y cualquier otra amenaza a las sociedades causada por el hombre\u00bb, declar\u00f3 el Secretario General de la ONU, Ant\u00f3nio Guterres, al hablar en un di\u00e1logo de alto nivel en la Asamblea General.<\/p>\n<p>En la reuni\u00f3n de este martes, que tiene como tema central la construcci\u00f3n de una paz sostenible para todos, Guterres hizo hincapi\u00e9 en el v\u00ednculo entre las econom\u00edas en crisis y la fragilidad de las sociedades, las instituciones y hasta los Estados, que promueve la aparici\u00f3n de conflictos. <\/p>\n<p>\u00abNecesitamos una respuesta global que aborde las causas m\u00e1s profundas de los conflictos e integre de una manera hol\u00edstica la paz, el desarrollo sostenible y los derechos humanos. Desde la concepci\u00f3n hasta la ejecuci\u00f3n\u00bb, dijo. <\/p>\n<p>El titular de la ONU resalt\u00f3 que el mejor medio de mantenimiento de la paz es el desarrollo inclusivo y sostenible. <\/p>\n<p>El encuentro, convocado por el presidente de la Asamblea General, Peter Thompson, cuenta con la participaci\u00f3n de representantes del Consejo de Seguridad y el Consejo Econ\u00f3mico y Social, as\u00ed como la del director de la Comisi\u00f3n para la Consolidaci\u00f3n de la Paz, y busca generar di\u00e1logos sobre la implementaci\u00f3n de los Objetivos de Desarrollo Sostenible de la Agenda 2030.<\/p>\n<p><a href=\"http:\/\/www.un.org\/spanish\/News\/story.asp?NewsID=36634#.WK8v8m8rKUk\" title=\"Guterres habla sobre la paz sostenible en reuni\u00f3n de alto nivel de la Asamblea General\" target=\"_blank\">Centro de Noticias<\/a><\/p>\n","protected":false},"excerpt":{"rendered":"<p>24 de enero de 2017 \u2014 \u00abLa prioridad de Naciones  [&#8230;]<\/p>\n","protected":false},"author":34,"featured_media":7652,"comment_status":"closed","ping_status":"closed","sticky":false,"template":"","format":"standard","meta":{"_et_pb_use_builder":"","_et_pb_old_content":"","_et_gb_content_width":"","footnotes":""},"categories":[16,33,31],"tags":[],"class_list":["post-7647","post","type-post","status-publish","format-standard","has-post-thumbnail","hentry","category-news","category-programa-de-desarrollo-sostenible","category-secretario-general"],"_links":{"self":[{"href":"https:\/\/www.un.org\/sustainabledevelopment\/es\/wp-json\/wp\/v2\/posts\/7647","targetHints":{"allow":["GET"]}}],"collection":[{"href":"https:\/\/www.un.org\/sustainabledevelopment\/es\/wp-json\/wp\/v2\/posts"}],"about":[{"href":"https:\/\/www.un.org\/sustainabledevelopment\/es\/wp-json\/wp\/v2\/types\/post"}],"author":[{"embeddable":true,"href":"https:\/\/www.un.org\/sustainabledevelopment\/es\/wp-json\/wp\/v2\/users\/34"}],"replies":[{"embeddable":true,"href":"https:\/\/www.un.org\/sustainabledevelopment\/es\/wp-json\/wp\/v2\/comments?post=7647"}],"version-history":[{"count":0,"href":"https:\/\/www.un.org\/sustainabledevelopment\/es\/wp-json\/wp\/v2\/posts\/7647\/revisions"}],"wp:featuredmedia":[{"embeddable":true,"href":"https:\/\/www.un.org\/sustainabledevelopment\/es\/wp-json\/wp\/v2\/media\/7652"}],"wp:attachment":[{"href":"https:\/\/www.un.org\/sustainabledevelopment\/es\/wp-json\/wp\/v2\/media?parent=7647"}],"wp:term":[{"taxonomy":"category","embeddable":true,"href":"https:\/\/www.un.org\/sustainabledevelopment\/es\/wp-json\/wp\/v2\/categories?post=7647"},{"taxonomy":"post_tag","embeddable":true,"href":"https:\/\/www.un.org\/sustainabledevelopment\/es\/wp-json\/wp\/v2\/tags?post=7647"}],"curies":[{"name":"wp","href":"https:\/\/api.w.org\/{rel}","templated":true}]}}