  {"id":7712,"date":"2017-01-30T15:01:30","date_gmt":"2017-01-30T20:01:30","guid":{"rendered":"http:\/\/www.un.org\/sustainabledevelopment\/es\/?p=7712"},"modified":"2017-11-13T16:01:02","modified_gmt":"2017-11-13T21:01:02","slug":"los-jovenes-deben-tener-un-papel-activo-en-la-agenda-de-desarrollo","status":"publish","type":"post","link":"https:\/\/www.un.org\/sustainabledevelopment\/es\/2017\/01\/los-jovenes-deben-tener-un-papel-activo-en-la-agenda-de-desarrollo\/","title":{"rendered":"Los j\u00f3venes deben tener un papel activo en la Agenda de Desarrollo"},"content":{"rendered":"<p>El papel de los j\u00f3venes en la erradicaci\u00f3n de la pobreza y el impulso a la prosperidad en un mundo cambiante son los temas que se discuten en la reuni\u00f3n inaugurada este lunes en la sede de la ONU en Nueva York, el sexto Foro de la Juventud del ECOSOC, el Consejo Econ\u00f3mico y Social de Naciones Unidas. <\/p>\n<p>El encuentro de dos d\u00edas busca definir el papel activo que pueden desempe\u00f1ar los j\u00f3venes en la implementaci\u00f3n de la Agenda 2030 para el Desarrollo Sostenible, con especial atenci\u00f3n a la incorporaci\u00f3n de usos innovadores de las herramientas de comunicaci\u00f3n y las redes sociales.<\/p>\n<p>Durante la apertura del evento, el Secretario General de la ONU, Ant\u00f3nio Guterres, agradeci\u00f3 en un mensaje de video la participaci\u00f3n de los l\u00edderes juveniles y destac\u00f3 que su presencia refleja la preocupaci\u00f3n por los problemas que padecen como la pobreza, el desempleo, el cambio clim\u00e1tico y las desigualdades e injusticias.<\/p>\n<p>Sin embargo, tambi\u00e9n enfatiz\u00f3 que se encuentran a la vanguardia del progreso en sus diferentes papeles como empresarios, activistas o l\u00edderes comunitarios y les nombr\u00f3 agentes promovedores del cambio.<\/p>\n<p>\u201cEste Foro es interactivo. Queremos escucharlos. D\u00edganos c\u00f3mo las Naciones Unidas pueden ver el mundo desde su perspectiva, y c\u00f3mo pueden responder a sus preocupaciones\u201d, dijo Guterres.<\/p>\n<p>Por su parte, el presidente del ECOSOC, Frederick Musiiwa Makamure Shava, destac\u00f3 la mejora en la calidad de la educaci\u00f3n y la formaci\u00f3n de los j\u00f3venes como un elemento clave para las satisfacer las necesidades actuales del mercado de trabajo.<\/p>\n<p><a href=\"http:\/\/www.un.org\/spanish\/News\/story.asp?NewsID=36670\" title=\"Los j\u00f3venes deben tener un papel activo en la Agenda de Desarrollo\">Centro de Noticias<\/a><\/p>\n","protected":false},"excerpt":{"rendered":"<p>El papel de los j\u00f3venes en la erradicaci\u00f3n de la  [&#8230;]<\/p>\n","protected":false},"author":37,"featured_media":7715,"comment_status":"closed","ping_status":"closed","sticky":false,"template":"","format":"standard","meta":{"_et_pb_use_builder":"","_et_pb_old_content":"","_et_gb_content_width":"","footnotes":""},"categories":[5,33],"tags":[],"class_list":["post-7712","post","type-post","status-publish","format-standard","has-post-thumbnail","hentry","category-climate-change","category-programa-de-desarrollo-sostenible"],"_links":{"self":[{"href":"https:\/\/www.un.org\/sustainabledevelopment\/es\/wp-json\/wp\/v2\/posts\/7712","targetHints":{"allow":["GET"]}}],"collection":[{"href":"https:\/\/www.un.org\/sustainabledevelopment\/es\/wp-json\/wp\/v2\/posts"}],"about":[{"href":"https:\/\/www.un.org\/sustainabledevelopment\/es\/wp-json\/wp\/v2\/types\/post"}],"author":[{"embeddable":true,"href":"https:\/\/www.un.org\/sustainabledevelopment\/es\/wp-json\/wp\/v2\/users\/37"}],"replies":[{"embeddable":true,"href":"https:\/\/www.un.org\/sustainabledevelopment\/es\/wp-json\/wp\/v2\/comments?post=7712"}],"version-history":[{"count":0,"href":"https:\/\/www.un.org\/sustainabledevelopment\/es\/wp-json\/wp\/v2\/posts\/7712\/revisions"}],"wp:featuredmedia":[{"embeddable":true,"href":"https:\/\/www.un.org\/sustainabledevelopment\/es\/wp-json\/wp\/v2\/media\/7715"}],"wp:attachment":[{"href":"https:\/\/www.un.org\/sustainabledevelopment\/es\/wp-json\/wp\/v2\/media?parent=7712"}],"wp:term":[{"taxonomy":"category","embeddable":true,"href":"https:\/\/www.un.org\/sustainabledevelopment\/es\/wp-json\/wp\/v2\/categories?post=7712"},{"taxonomy":"post_tag","embeddable":true,"href":"https:\/\/www.un.org\/sustainabledevelopment\/es\/wp-json\/wp\/v2\/tags?post=7712"}],"curies":[{"name":"wp","href":"https:\/\/api.w.org\/{rel}","templated":true}]}}