  {"id":7999,"date":"2017-03-23T10:51:59","date_gmt":"2017-03-23T14:51:59","guid":{"rendered":"http:\/\/www.un.org\/sustainabledevelopment\/es\/?p=7999"},"modified":"2017-11-13T16:00:47","modified_gmt":"2017-11-13T21:00:47","slug":"celebran-dia-meteorologico-mundial-con-el-nuevo-atlas-de-las-nubes","status":"publish","type":"post","link":"https:\/\/www.un.org\/sustainabledevelopment\/es\/2017\/03\/celebran-dia-meteorologico-mundial-con-el-nuevo-atlas-de-las-nubes\/","title":{"rendered":"Celebran D\u00eda Meteorol\u00f3gico Mundial con el nuevo Atlas de las Nubes"},"content":{"rendered":"<p>Pocos fen\u00f3menos naturales son tan importantes para el clima y el agua como las nubes, que adem\u00e1s inspiran arte y pensamientos. <\/p>\n<p>Ese el mensaje de la OMM en el D\u00eda Meteorol\u00f3gico Mundial, que este a\u00f1o se celebr\u00f3 con el lanzamiento de un atlas de nubes digital.<\/p>\n<p>\u201cSi queremos entender el clima, tenemos que entender las nubes, si queremos hacer modelos clim\u00e1ticos tenemos que entender las nubes, y si queremos predecir los recursos h\u00eddricos, tambi\u00e9n\u201d, asegur\u00f3 Petteru Taalas, el Secretario General de la Organizaci\u00f3n Meteorol\u00f3gica Mundial.<\/p>\n<p>El 23 de marzo conmemora la fundaci\u00f3n de la OMM en 1950 y el tema para 2017 es \u201cEntendiendo las Nubes\u201d.<\/p>\n<p>El Atlas Internacional de las Nubes incluye cientos de im\u00e1genes de estos fen\u00f3menos naturales junto con arco\u00edris y halos solares.<\/p>\n<p>El nuevo Atlas combina las tradiciones del Siglo IX con la tecnolog\u00eda del Siglo XXI, asegur\u00f3 la agencia de la ONU. Contiene fotos, definiciones y explicaciones que fueron aprobadas por los miembros de la OMM.<\/p>\n<p>Con motivo del D\u00eda Meteorol\u00f3gico Mundial, Taalas, resalt\u00f3 la importancia de comprender los cambios clim\u00e1ticos y su influencia en personas y lugares para ayudar a las comunidades a ser m\u00e1s fuertes. <\/p>\n<p>El anterior Atlas Internacional de las Nubes, fue publicado hace casi 200 a\u00f1os. <\/p>\n<p><a href=\"http:\/\/www.un.org\/spanish\/News\/story.asp?NewsID=37003\" title=\"Celebran D\u00eda Meteorol\u00f3gico Mundial con el nuevo Atlas de las Nubes\">Centro de noticias<\/a><\/p>\n","protected":false},"excerpt":{"rendered":"<p>Pocos fen\u00f3menos naturales son tan importantes para el clima y  [&#8230;]<\/p>\n","protected":false},"author":37,"featured_media":8003,"comment_status":"closed","ping_status":"closed","sticky":false,"template":"","format":"standard","meta":{"_et_pb_use_builder":"","_et_pb_old_content":"","_et_gb_content_width":"","footnotes":""},"categories":[23,5],"tags":[],"class_list":["post-7999","post","type-post","status-publish","format-standard","has-post-thumbnail","hentry","category-water-and-sanitation","category-climate-change"],"_links":{"self":[{"href":"https:\/\/www.un.org\/sustainabledevelopment\/es\/wp-json\/wp\/v2\/posts\/7999","targetHints":{"allow":["GET"]}}],"collection":[{"href":"https:\/\/www.un.org\/sustainabledevelopment\/es\/wp-json\/wp\/v2\/posts"}],"about":[{"href":"https:\/\/www.un.org\/sustainabledevelopment\/es\/wp-json\/wp\/v2\/types\/post"}],"author":[{"embeddable":true,"href":"https:\/\/www.un.org\/sustainabledevelopment\/es\/wp-json\/wp\/v2\/users\/37"}],"replies":[{"embeddable":true,"href":"https:\/\/www.un.org\/sustainabledevelopment\/es\/wp-json\/wp\/v2\/comments?post=7999"}],"version-history":[{"count":0,"href":"https:\/\/www.un.org\/sustainabledevelopment\/es\/wp-json\/wp\/v2\/posts\/7999\/revisions"}],"wp:featuredmedia":[{"embeddable":true,"href":"https:\/\/www.un.org\/sustainabledevelopment\/es\/wp-json\/wp\/v2\/media\/8003"}],"wp:attachment":[{"href":"https:\/\/www.un.org\/sustainabledevelopment\/es\/wp-json\/wp\/v2\/media?parent=7999"}],"wp:term":[{"taxonomy":"category","embeddable":true,"href":"https:\/\/www.un.org\/sustainabledevelopment\/es\/wp-json\/wp\/v2\/categories?post=7999"},{"taxonomy":"post_tag","embeddable":true,"href":"https:\/\/www.un.org\/sustainabledevelopment\/es\/wp-json\/wp\/v2\/tags?post=7999"}],"curies":[{"name":"wp","href":"https:\/\/api.w.org\/{rel}","templated":true}]}}