  {"id":8015,"date":"2017-03-23T12:45:01","date_gmt":"2017-03-23T16:45:01","guid":{"rendered":"http:\/\/www.un.org\/sustainabledevelopment\/es\/?p=8015"},"modified":"2017-11-13T16:00:47","modified_gmt":"2017-11-13T21:00:47","slug":"america-latina-es-la-segunda-region-del-mundo-que-mas-produce-y-consume-carbon","status":"publish","type":"post","link":"https:\/\/www.un.org\/sustainabledevelopment\/es\/2017\/03\/america-latina-es-la-segunda-region-del-mundo-que-mas-produce-y-consume-carbon\/","title":{"rendered":"Am\u00e9rica Latina es la segunda regi\u00f3n del mundo que m\u00e1s produce y consume carb\u00f3n"},"content":{"rendered":"<p>Am\u00e9rica Latina y el Caribe producen cerca de 9 millones de toneladas de carb\u00f3n. Esto tiene un enorme impacto en la atm\u00f3sfera y el calentamiento global. Se trata de la segunda regi\u00f3n del mundo con mayor producci\u00f3n y uso de carb\u00f3n vegetal por persona, despu\u00e9s de \u00c1frica, que genera 32 millones de toneladas. <\/p>\n<p>Este dato se desprende de un nuevo informe de la Organizaci\u00f3n de Naciones Unidas para la Alimentaci\u00f3n y la Agricultura (FAO) dado a conocer este jueves.<\/p>\n<p>El informe, denominado \u201cLa transici\u00f3n del carb\u00f3n\u201d, tambi\u00e9n se\u00f1ala que Brasil genera la mayor cantidad de carb\u00f3n vegetal a nivel regional y mundial, con un poco m\u00e1s de 6 millones de toneladas, lo que representa el 12% del total global.<\/p>\n<p>En Brasil, este carb\u00f3n que deriva de la madera se usa principalmente para el sector industrial, siendo la metal\u00fargica la que m\u00e1s lo consume, en un 80%.<\/p>\n<p>Mientras que en otros pa\u00edses de la regi\u00f3n su uso est\u00e1 concentrado en el sector de los alimentos y en otras necesidades en los hogares.<\/p>\n<p>Esta producci\u00f3n est\u00e1 muy vinculada a la emisi\u00f3n de gases de efecto invernadero.<\/p>\n<p>Seg\u00fan el estudio de la FAO, el 7% de las necesidades energ\u00e9ticas de la regi\u00f3n se cubre con la que proviene de la madera. <\/p>\n<p>Y, en t\u00e9rminos de emisiones, Am\u00e9rica Latina y el Caribe es responsable de arrojar a la atm\u00f3sfera 371 millones de toneladas m\u00e9tricas de di\u00f3xido de carbono por el consumo de madera y el uso de carb\u00f3n, lo que contribuye al calentamiento global. <\/p>\n<p>El organismo de la ONU pidi\u00f3 a los pa\u00edses de la regi\u00f3n tomar medidas para hacer m\u00e1s ecol\u00f3gico este sector y hacer una transici\u00f3n hacia energ\u00edas limpias.<\/p>\n<p>Por ejemplo, creando un clima de inversi\u00f3n atractivo para pasar a energ\u00edas de ese tipo. <\/p>\n<p>El informe se\u00f1ala que el cambio de hornos industriales tradicionales a m\u00e1s modernos reduce en un 80% las emisiones, a su vez, abandonar las formas rudimentarias de cocinar con le\u00f1a y carb\u00f3n, reduce esa contaminaci\u00f3n en un 60%.<br \/>\n<a href=\"http:\/\/www.un.org\/spanish\/News\/story.asp?NewsID=37004\" title=\"Am\u00e9rica Latina es la segunda regi\u00f3n del mundo que m\u00e1s produce y consume carb\u00f3n\"><br \/>\nCentro de noticias<\/a><\/p>\n","protected":false},"excerpt":{"rendered":"<p>Am\u00e9rica Latina y el Caribe producen cerca de 9 millones  [&#8230;]<\/p>\n","protected":false},"author":37,"featured_media":8019,"comment_status":"closed","ping_status":"closed","sticky":false,"template":"","format":"standard","meta":{"_et_pb_use_builder":"","_et_pb_old_content":"","_et_gb_content_width":"","footnotes":""},"categories":[9,8,12,22],"tags":[],"class_list":["post-8015","post","type-post","status-publish","format-standard","has-post-thumbnail","hentry","category-forests-desertification-and-biodiversity","category-energy","category-hunger","category-sustainable-consumption-and-production"],"_links":{"self":[{"href":"https:\/\/www.un.org\/sustainabledevelopment\/es\/wp-json\/wp\/v2\/posts\/8015","targetHints":{"allow":["GET"]}}],"collection":[{"href":"https:\/\/www.un.org\/sustainabledevelopment\/es\/wp-json\/wp\/v2\/posts"}],"about":[{"href":"https:\/\/www.un.org\/sustainabledevelopment\/es\/wp-json\/wp\/v2\/types\/post"}],"author":[{"embeddable":true,"href":"https:\/\/www.un.org\/sustainabledevelopment\/es\/wp-json\/wp\/v2\/users\/37"}],"replies":[{"embeddable":true,"href":"https:\/\/www.un.org\/sustainabledevelopment\/es\/wp-json\/wp\/v2\/comments?post=8015"}],"version-history":[{"count":0,"href":"https:\/\/www.un.org\/sustainabledevelopment\/es\/wp-json\/wp\/v2\/posts\/8015\/revisions"}],"wp:featuredmedia":[{"embeddable":true,"href":"https:\/\/www.un.org\/sustainabledevelopment\/es\/wp-json\/wp\/v2\/media\/8019"}],"wp:attachment":[{"href":"https:\/\/www.un.org\/sustainabledevelopment\/es\/wp-json\/wp\/v2\/media?parent=8015"}],"wp:term":[{"taxonomy":"category","embeddable":true,"href":"https:\/\/www.un.org\/sustainabledevelopment\/es\/wp-json\/wp\/v2\/categories?post=8015"},{"taxonomy":"post_tag","embeddable":true,"href":"https:\/\/www.un.org\/sustainabledevelopment\/es\/wp-json\/wp\/v2\/tags?post=8015"}],"curies":[{"name":"wp","href":"https:\/\/api.w.org\/{rel}","templated":true}]}}