  {"id":8116,"date":"2017-03-20T13:16:12","date_gmt":"2017-03-20T17:16:12","guid":{"rendered":"http:\/\/www.un.org\/sustainabledevelopment\/es\/?p=8116"},"modified":"2017-11-13T16:00:49","modified_gmt":"2017-11-13T21:00:49","slug":"comite-de-la-onu-sobre-los-derechos-de-las-personas-con-discapacidad-se-reune-en-su-17o-sesion","status":"publish","type":"post","link":"https:\/\/www.un.org\/sustainabledevelopment\/es\/2017\/03\/comite-de-la-onu-sobre-los-derechos-de-las-personas-con-discapacidad-se-reune-en-su-17o-sesion\/","title":{"rendered":"Comit\u00e9 de la ONU sobre los Derechos de las Personas con Discapacidad se re\u00fane en su 17\u00ba Sesi\u00f3n"},"content":{"rendered":"<p>El Comit\u00e9 de la ONU sobre los Derechos de las Personas con Discapacidad comenz\u00f3 su 17 Sesi\u00f3n este lunes en Ginebra. En sus deliberaciones hasta el 12 de abril se analizar\u00e1n reportes de la Rep\u00fablica de Moldova, Ir\u00e1n, Chipre, Bosnia Herzegovina, Jordania, Canad\u00e1 y Honduras.<\/p>\n<p>La inauguraci\u00f3n cont\u00f3 con la participaci\u00f3n de la Alta Comisionada Adjunta de la ONU para los Derechos Humanos, Kate Gilmore, quien ley\u00f3 un mensaje en representaci\u00f3n del Secretario General Ant\u00f3nio Gut\u00e9rres y el Alto Comisionado Zeid Ra&#8217;ad Al Hussein.<\/p>\n<p>\u201cEl trabajo del Comit\u00e9 es un aporte a los esfuerzos mundiales en la defensa y la promoci\u00f3n de los derechos humanos, especialmente en estos momentos,en que esas garant\u00edas est\u00e1n bajo presi\u00f3n. El liderazgo que ejercen es clave, su coraje es necesario, su energ\u00eda es esencial y estamos muy orgullosos de compartir con ustedes y les deseamos todo el \u00e9xito en estos pr\u00f3ximos d\u00edas\u201d, asegur\u00f3 Gilmore en su discurso.<\/p>\n<p>El Comit\u00e9 fundamenta su trabajo en la Convenci\u00f3n sobre los Derechos de las Personas con discapacidad, que fue adoptada el 13 de diciembre de 2006 por la Asamblea General y ratificada por 160 Estados.<\/p>\n<p>El objetivo de ese protocolo internacional es promover, proteger y garantizar el disfrute pleno y en condiciones de igualdad de todos los derechos humanos de las personas con discapacidad y promover el respeto a su dignidad.<br \/>\n<a href=\"http:\/\/www.un.org\/spanish\/News\/story.asp?NewsID=36977\" title=\"Comit\u00e9 de la ONU sobre los Derechos de las Personas con Discapacidad se re\u00fane en su 17\u00ba Sesi\u00f3n\"><br \/>\nCentro de noticias<\/a><\/p>\n","protected":false},"excerpt":{"rendered":"<p>El Comit\u00e9 de la ONU sobre los Derechos de las  [&#8230;]<\/p>\n","protected":false},"author":37,"featured_media":8120,"comment_status":"closed","ping_status":"closed","sticky":false,"template":"","format":"standard","meta":{"_et_pb_use_builder":"","_et_pb_old_content":"","_et_gb_content_width":"","footnotes":""},"categories":[10,31],"tags":[],"class_list":["post-8116","post","type-post","status-publish","format-standard","has-post-thumbnail","hentry","category-gender-equality","category-secretario-general"],"_links":{"self":[{"href":"https:\/\/www.un.org\/sustainabledevelopment\/es\/wp-json\/wp\/v2\/posts\/8116","targetHints":{"allow":["GET"]}}],"collection":[{"href":"https:\/\/www.un.org\/sustainabledevelopment\/es\/wp-json\/wp\/v2\/posts"}],"about":[{"href":"https:\/\/www.un.org\/sustainabledevelopment\/es\/wp-json\/wp\/v2\/types\/post"}],"author":[{"embeddable":true,"href":"https:\/\/www.un.org\/sustainabledevelopment\/es\/wp-json\/wp\/v2\/users\/37"}],"replies":[{"embeddable":true,"href":"https:\/\/www.un.org\/sustainabledevelopment\/es\/wp-json\/wp\/v2\/comments?post=8116"}],"version-history":[{"count":0,"href":"https:\/\/www.un.org\/sustainabledevelopment\/es\/wp-json\/wp\/v2\/posts\/8116\/revisions"}],"wp:featuredmedia":[{"embeddable":true,"href":"https:\/\/www.un.org\/sustainabledevelopment\/es\/wp-json\/wp\/v2\/media\/8120"}],"wp:attachment":[{"href":"https:\/\/www.un.org\/sustainabledevelopment\/es\/wp-json\/wp\/v2\/media?parent=8116"}],"wp:term":[{"taxonomy":"category","embeddable":true,"href":"https:\/\/www.un.org\/sustainabledevelopment\/es\/wp-json\/wp\/v2\/categories?post=8116"},{"taxonomy":"post_tag","embeddable":true,"href":"https:\/\/www.un.org\/sustainabledevelopment\/es\/wp-json\/wp\/v2\/tags?post=8116"}],"curies":[{"name":"wp","href":"https:\/\/api.w.org\/{rel}","templated":true}]}}