  {"id":8232,"date":"2017-03-31T15:37:22","date_gmt":"2017-03-31T19:37:22","guid":{"rendered":"http:\/\/www.un.org\/sustainabledevelopment\/es\/?p=8232"},"modified":"2017-11-13T16:00:45","modified_gmt":"2017-11-13T21:00:45","slug":"incertidumbre-ante-nuevas-politicas-ambientales-de-ee-uu-advierte-convencion-sobre-el-cambio-climatico","status":"publish","type":"post","link":"https:\/\/www.un.org\/sustainabledevelopment\/es\/2017\/03\/incertidumbre-ante-nuevas-politicas-ambientales-de-ee-uu-advierte-convencion-sobre-el-cambio-climatico\/","title":{"rendered":"Incertidumbre ante nuevas pol\u00edticas ambientales de EE.UU, advierte Convenci\u00f3n sobre el Cambio Clim\u00e1tico"},"content":{"rendered":"<p>La Secretaria Ejecutiva de la Convenci\u00f3n Marco de las Naciones Unidas sobre el Cambio Clim\u00e1tico (CMNUCC), se pronunci\u00f3 sobre los recientes anuncios del Gobierno estadounidense en relaci\u00f3n a las fuentes de energ\u00eda y el medio ambiente. <\/p>\n<p>Patricia Espinosa declar\u00f3 en un comunicado que las consecuencias concretas para la acci\u00f3n clim\u00e1tica mundial derivadas de estas medidas son inciertas y puede que solo se aclaren con el paso del tiempo.<\/p>\n<p>\u201cLa nueva administraci\u00f3n es y sigue siendo parte del hist\u00f3rico Acuerdo de Par\u00eds sobre el cambio clim\u00e1tico y esperamos dar la bienvenida y trabajar con las delegaciones estadounidenses que asistir\u00e1n a las sesiones previstas para este a\u00f1o\u201d, agreg\u00f3. <\/p>\n<p>Espinosa destac\u00f3 que las medidas presupuestarias legislativas propuestas se refieren a pol\u00edticas nacionales y no a obligaciones internacionales y que la secretar\u00eda de la Convenci\u00f3n Marco continuar\u00e1 avanzando para apoyar a las partes a implementar y alcanzar sus objetivos y ambiciones en el marco del Acuerdo de Par\u00eds.<\/p>\n<p>El nuevo Gobierno de Estados Unidos revel\u00f3 esta semana que va a revisar el Plan de Energ\u00eda Limpia, una legislaci\u00f3n puesta en marcha en 2015 por la anterior administraci\u00f3n para reducir las emisiones del sector energ\u00e9tico y aumentar la producci\u00f3n de energ\u00eda renovable.<\/p>\n<p><a href=\"http:\/\/www.un.org\/spanish\/News\/story.asp?newsID=37051\" title=\"Incertidumbre ante nuevas pol\u00edticas ambientales de EE.UU, advierte Convenci\u00f3n sobre el Cambio Clim\u00e1tico\">Centro de noticias<\/a><\/p>\n","protected":false},"excerpt":{"rendered":"<p>La Secretaria Ejecutiva de la Convenci\u00f3n Marco de las Naciones  [&#8230;]<\/p>\n","protected":false},"author":37,"featured_media":8236,"comment_status":"closed","ping_status":"closed","sticky":false,"template":"","format":"standard","meta":{"_et_pb_use_builder":"","_et_pb_old_content":"","_et_gb_content_width":"","footnotes":""},"categories":[18,5],"tags":[],"class_list":["post-8232","post","type-post","status-publish","format-standard","has-post-thumbnail","hentry","category-partnerships","category-climate-change"],"_links":{"self":[{"href":"https:\/\/www.un.org\/sustainabledevelopment\/es\/wp-json\/wp\/v2\/posts\/8232","targetHints":{"allow":["GET"]}}],"collection":[{"href":"https:\/\/www.un.org\/sustainabledevelopment\/es\/wp-json\/wp\/v2\/posts"}],"about":[{"href":"https:\/\/www.un.org\/sustainabledevelopment\/es\/wp-json\/wp\/v2\/types\/post"}],"author":[{"embeddable":true,"href":"https:\/\/www.un.org\/sustainabledevelopment\/es\/wp-json\/wp\/v2\/users\/37"}],"replies":[{"embeddable":true,"href":"https:\/\/www.un.org\/sustainabledevelopment\/es\/wp-json\/wp\/v2\/comments?post=8232"}],"version-history":[{"count":0,"href":"https:\/\/www.un.org\/sustainabledevelopment\/es\/wp-json\/wp\/v2\/posts\/8232\/revisions"}],"wp:featuredmedia":[{"embeddable":true,"href":"https:\/\/www.un.org\/sustainabledevelopment\/es\/wp-json\/wp\/v2\/media\/8236"}],"wp:attachment":[{"href":"https:\/\/www.un.org\/sustainabledevelopment\/es\/wp-json\/wp\/v2\/media?parent=8232"}],"wp:term":[{"taxonomy":"category","embeddable":true,"href":"https:\/\/www.un.org\/sustainabledevelopment\/es\/wp-json\/wp\/v2\/categories?post=8232"},{"taxonomy":"post_tag","embeddable":true,"href":"https:\/\/www.un.org\/sustainabledevelopment\/es\/wp-json\/wp\/v2\/tags?post=8232"}],"curies":[{"name":"wp","href":"https:\/\/api.w.org\/{rel}","templated":true}]}}