  {"id":8627,"date":"2017-04-10T17:23:17","date_gmt":"2017-04-10T21:23:17","guid":{"rendered":"http:\/\/www.un.org\/sustainabledevelopment\/es\/?p=8627"},"modified":"2017-11-13T16:00:40","modified_gmt":"2017-11-13T21:00:40","slug":"malala-yousafzai-se-convierte-en-la-mas-joven-mensajera-de-la-paz-de-naciones-unidas","status":"publish","type":"post","link":"https:\/\/www.un.org\/sustainabledevelopment\/es\/2017\/04\/malala-yousafzai-se-convierte-en-la-mas-joven-mensajera-de-la-paz-de-naciones-unidas\/","title":{"rendered":"Malala Yousafzai se convierte en la m\u00e1s joven Mensajera de la Paz de Naciones Unidas"},"content":{"rendered":"<p>El Secretario General de la ONU, Ant\u00f3nio Guterres, nombr\u00f3 hoy a la activista paquistan\u00ed Malala Yousafzai como nueva Mensajera de la Paz durante una ceremonia en la sede de Naciones Unidas en Nueva York. <\/p>\n<p>Durante su discurso, Guterres indic\u00f3 que Malala es la Mensajera de la Paz m\u00e1s joven y destac\u00f3 su valiente defensa de los derechos de las personas, especialmente del derecho a la educaci\u00f3n y a la igualdad de mujeres y ni\u00f1as.<\/p>\n<blockquote><p>\u201cRindo homenaje al compromiso inquebrantable con la paz que has mostrado, incluso en momentos de riesgo personal, a tu continua b\u00fasqueda de lo mejor de la humanidad y a tu determinaci\u00f3n de construir un mundo mejor\u201d, dijo Guterres.<\/p><\/blockquote>\n<p>Por su parte, Malala consider\u00f3 un honor su nombramiento y reiter\u00f3 la importancia de la educaci\u00f3n, particularmente la de las ni\u00f1as.<\/p>\n<blockquote><p>\u201cAnimo a todas las chicas a levantarse y a creer en ellas mismas. Ustedes son las verdaderas promotoras del cambio. Si no se levantan el cambio no llegar\u00e1. Si quieren un futuro brillante tienen que empezar a trabajar en \u00e9l ahora y no esperar a nadie\u201d, se\u00f1al\u00f3.<\/p><\/blockquote>\n<p>Asimismo, enfatiz\u00f3 que ella representaba a Pakist\u00e1n y no a los terroristas o extremistas.<\/p>\n<p>Malala Yousafzai naci\u00f3 el 12 de julio de 1997 en el valle de Swat, en Pakist\u00e1n, y desde muy temprana edad alz\u00f3 la voz a favor del derecho de las ni\u00f1as y mujeres a la educaci\u00f3n, convirti\u00e9ndose en un s\u00edmbolo internacional cuando su activismo casi le cost\u00f3 la vida en un atentado de los talibanes contra ella, en octubre de 2012.<\/p>\n<p>En 2014, cuando ten\u00eda apenas 17 a\u00f1os, Malala obtuvo el Premio Nobel de la Paz.<\/p>\n<p><a href=\"http:\/\/www.un.org\/spanish\/News\/story.asp?newsID=37106\" title=\"Malala Yousafzai se convierte en la m\u00e1s joven Mensajera de la Paz de Naciones Unidas\">Centro de noticias de la ONU<\/a><\/p>\n","protected":false},"excerpt":{"rendered":"<p>El Secretario General de la ONU, Ant\u00f3nio Guterres, nombr\u00f3 hoy  [&#8230;]<\/p>\n","protected":false},"author":37,"featured_media":8635,"comment_status":"closed","ping_status":"closed","sticky":false,"template":"","format":"standard","meta":{"_et_pb_use_builder":"","_et_pb_old_content":"","_et_gb_content_width":"","footnotes":""},"categories":[7,10],"tags":[],"class_list":["post-8627","post","type-post","status-publish","format-standard","has-post-thumbnail","hentry","category-education","category-gender-equality"],"_links":{"self":[{"href":"https:\/\/www.un.org\/sustainabledevelopment\/es\/wp-json\/wp\/v2\/posts\/8627","targetHints":{"allow":["GET"]}}],"collection":[{"href":"https:\/\/www.un.org\/sustainabledevelopment\/es\/wp-json\/wp\/v2\/posts"}],"about":[{"href":"https:\/\/www.un.org\/sustainabledevelopment\/es\/wp-json\/wp\/v2\/types\/post"}],"author":[{"embeddable":true,"href":"https:\/\/www.un.org\/sustainabledevelopment\/es\/wp-json\/wp\/v2\/users\/37"}],"replies":[{"embeddable":true,"href":"https:\/\/www.un.org\/sustainabledevelopment\/es\/wp-json\/wp\/v2\/comments?post=8627"}],"version-history":[{"count":0,"href":"https:\/\/www.un.org\/sustainabledevelopment\/es\/wp-json\/wp\/v2\/posts\/8627\/revisions"}],"wp:featuredmedia":[{"embeddable":true,"href":"https:\/\/www.un.org\/sustainabledevelopment\/es\/wp-json\/wp\/v2\/media\/8635"}],"wp:attachment":[{"href":"https:\/\/www.un.org\/sustainabledevelopment\/es\/wp-json\/wp\/v2\/media?parent=8627"}],"wp:term":[{"taxonomy":"category","embeddable":true,"href":"https:\/\/www.un.org\/sustainabledevelopment\/es\/wp-json\/wp\/v2\/categories?post=8627"},{"taxonomy":"post_tag","embeddable":true,"href":"https:\/\/www.un.org\/sustainabledevelopment\/es\/wp-json\/wp\/v2\/tags?post=8627"}],"curies":[{"name":"wp","href":"https:\/\/api.w.org\/{rel}","templated":true}]}}