  {"id":8671,"date":"2017-04-11T15:40:06","date_gmt":"2017-04-11T19:40:06","guid":{"rendered":"http:\/\/www.un.org\/sustainabledevelopment\/es\/?p=8671"},"modified":"2017-11-13T16:00:39","modified_gmt":"2017-11-13T21:00:39","slug":"la-onu-celebrara-en-junio-el-festival-mundial-de-los-oceanos","status":"publish","type":"post","link":"https:\/\/www.un.org\/sustainabledevelopment\/es\/2017\/04\/la-onu-celebrara-en-junio-el-festival-mundial-de-los-oceanos\/","title":{"rendered":"La ONU celebrar\u00e1 en junio el Festival Mundial de los Oc\u00e9anos"},"content":{"rendered":"<p>Naciones Unidas present\u00f3 hoy el Festival Mundial de los Oc\u00e9anos (World Ocean Festival), un evento p\u00fablico cuyo objetivo es promover acciones a escala global que resalten la importancia de preservar y utilizar de forma sostenible los ecosistemas y recursos marinos.<\/p>\n<p>El Festival tendr\u00e1 lugar el 4 de junio en Nueva York, la v\u00edspera del inicio de la Conferencia de los Oc\u00e9anos de Naciones Unidas, que se extender\u00e1 hasta el 9 de junio.<\/p>\n<p>El evento es organizado por la ciudad de Nueva York y la Global Brain Foundation.<\/p>\n<p>Sus representantes explicaron durante una rueda de prensa en la sede de la ONU en Nueva York que la celebraci\u00f3n contar\u00e1 con dos acontecimientos principales.<\/p>\n<p>El primero de ellos, el Desfile de los Oc\u00e9anos, reunir\u00e1 una serie de embarcaciones de diversos tama\u00f1os a trav\u00e9s de los r\u00edos Hudson y del Este, representando una simb\u00f3lica \u201cvoz colectiva de los oc\u00e9anos\u201d.<\/p>\n<p>El segundo evento, la Villa Oce\u00e1nica, tendr\u00e1 lugar en Gantry Park, en Queens, y contar\u00e1 con exposiciones, charlas y actividades de organizaciones e individuos que hayan tomado medidas que beneficien a los oc\u00e9anos. <\/p>\n<p>El Presidente de la Asamblea General de la ONU, Peter Thomson, destac\u00f3 la gravedad de los problemas que padecen los oc\u00e9anos, como la contaminaci\u00f3n, entre otros.<\/p>\n<p>\u201cPodr\u00eda continuar sobre los males del oc\u00e9ano, pero todos los problemas humanos tienen soluciones humanas y eso es lo que busca la Conferencia de los Oc\u00e9anos: Proporcionar soluciones. Durante cinco d\u00edas vamos a trabajar para encontrar esas soluciones\u201d, dijo.<\/p>\n<p>Thomson adelant\u00f3 que los Estados miembros est\u00e1n negociando un llamado a la acci\u00f3n para lanzarlo durante la Conferencia.<\/p>\n<p><a href=\"http:\/\/www.un.org\/spanish\/News\/story.asp?NewsID=37113\" title=\"La ONU celebrar\u00e1 en junio el Festival Mundial de los Oc\u00e9anos\">Centro de noticias de la ONU<\/a><\/p>\n","protected":false},"excerpt":{"rendered":"<p>Naciones Unidas present\u00f3 hoy el Festival Mundial de los Oc\u00e9anos  [&#8230;]<\/p>\n","protected":false},"author":37,"featured_media":8675,"comment_status":"closed","ping_status":"closed","sticky":false,"template":"","format":"standard","meta":{"_et_pb_use_builder":"","_et_pb_old_content":"","_et_gb_content_width":"","footnotes":""},"categories":[17],"tags":[],"class_list":["post-8671","post","type-post","status-publish","format-standard","has-post-thumbnail","hentry","category-oceans"],"_links":{"self":[{"href":"https:\/\/www.un.org\/sustainabledevelopment\/es\/wp-json\/wp\/v2\/posts\/8671","targetHints":{"allow":["GET"]}}],"collection":[{"href":"https:\/\/www.un.org\/sustainabledevelopment\/es\/wp-json\/wp\/v2\/posts"}],"about":[{"href":"https:\/\/www.un.org\/sustainabledevelopment\/es\/wp-json\/wp\/v2\/types\/post"}],"author":[{"embeddable":true,"href":"https:\/\/www.un.org\/sustainabledevelopment\/es\/wp-json\/wp\/v2\/users\/37"}],"replies":[{"embeddable":true,"href":"https:\/\/www.un.org\/sustainabledevelopment\/es\/wp-json\/wp\/v2\/comments?post=8671"}],"version-history":[{"count":0,"href":"https:\/\/www.un.org\/sustainabledevelopment\/es\/wp-json\/wp\/v2\/posts\/8671\/revisions"}],"wp:featuredmedia":[{"embeddable":true,"href":"https:\/\/www.un.org\/sustainabledevelopment\/es\/wp-json\/wp\/v2\/media\/8675"}],"wp:attachment":[{"href":"https:\/\/www.un.org\/sustainabledevelopment\/es\/wp-json\/wp\/v2\/media?parent=8671"}],"wp:term":[{"taxonomy":"category","embeddable":true,"href":"https:\/\/www.un.org\/sustainabledevelopment\/es\/wp-json\/wp\/v2\/categories?post=8671"},{"taxonomy":"post_tag","embeddable":true,"href":"https:\/\/www.un.org\/sustainabledevelopment\/es\/wp-json\/wp\/v2\/tags?post=8671"}],"curies":[{"name":"wp","href":"https:\/\/api.w.org\/{rel}","templated":true}]}}