  {"id":8711,"date":"2017-04-11T18:32:22","date_gmt":"2017-04-11T22:32:22","guid":{"rendered":"http:\/\/www.un.org\/sustainabledevelopment\/es\/?p=8711"},"modified":"2017-11-13T16:00:32","modified_gmt":"2017-11-13T21:00:32","slug":"el-cancer-infantil-aumento-un-13-en-dos-decadas-revela-nuevo-estudio-de-la-oms","status":"publish","type":"post","link":"https:\/\/www.un.org\/sustainabledevelopment\/es\/2017\/04\/el-cancer-infantil-aumento-un-13-en-dos-decadas-revela-nuevo-estudio-de-la-oms\/","title":{"rendered":"El c\u00e1ncer infantil aument\u00f3 un 13% en dos d\u00e9cadas, revela nuevo estudio de la OMS"},"content":{"rendered":"<p>Un nuevo estudio coordinado por el Centro Internacional de Investigaciones sobre el C\u00e1ncer de la Organizaci\u00f3n Mundial de la Salud (OMS) revel\u00f3 que del 2001 al 2010 esa enfermedad fue un 13% m\u00e1s com\u00fan en los ni\u00f1os que en la d\u00e9cada de los a\u00f1os 80.<\/p>\n<p>A nivel mundial, el n\u00famero de nuevos casos anuales de c\u00e1ncer fue de 140 por cada mill\u00f3n de ni\u00f1os menores de 14 a\u00f1os.<\/p>\n<p>La investigaci\u00f3n, publicada en la revista m\u00e9dica The Lancet Oncology, destac\u00f3 que parte del aumento se podr\u00eda deber a una mejor o m\u00e1s temprana detecci\u00f3n del padecimiento.<\/p>\n<p>Tras el estudio de casi 300.000 casos, la leucemia fue el tipo de c\u00e1ncer m\u00e1s diagnosticado en ni\u00f1os menores de 15 a\u00f1os, seguido por los tumores del sistema nervioso central y los linfomas. <\/p>\n<p>La investigaci\u00f3n tambi\u00e9n revel\u00f3 que es mucho m\u00e1s probable que la predisposici\u00f3n gen\u00e9tica sea la causa desencadenante del c\u00e1ncer en los ni\u00f1os que en los adultos. <\/p>\n<p>El director del Centro Internacional de Investigaciones sobre el C\u00e1ncer, Christoper Wild, subray\u00f3 que la informaci\u00f3n que proporciona la pesquisa sobre el patr\u00f3n y el n\u00famero de casos es vital \u201cpara aumentar la conciencia, comprender mejor la enfermedad y combatirla\u201d.<\/p>\n<p>Aunque el estudio se realiz\u00f3 sobre un 10% de la poblaci\u00f3n mundial de ni\u00f1os, la cobertura incluy\u00f3 a casi un 100% de los menores en Europa occidental y Am\u00e9rica del Norte, por solamente un 5% de \u00c1frica o Asia.<\/p>\n<p>El diagn\u00f3stico del c\u00e1ncer en entornos de bajos recursos puede obviarse por falta de conocimientos o por la ausencia del equipo necesario, seg\u00fan la OMS.<br \/>\n<a href=\"http:\/\/www.un.org\/spanish\/News\/story.asp?NewsID=37114\" title=\"El c\u00e1ncer infantil aument\u00f3 un 13% en dos d\u00e9cadas, revela nuevo estudio de la OMS\"><br \/>\nCentro de noticias de la ONU<\/a><\/p>\n","protected":false},"excerpt":{"rendered":"<p>Un nuevo estudio coordinado por el Centro Internacional de Investigaciones  [&#8230;]<\/p>\n","protected":false},"author":37,"featured_media":8715,"comment_status":"closed","ping_status":"closed","sticky":false,"template":"","format":"standard","meta":{"_et_pb_use_builder":"","_et_pb_old_content":"","_et_gb_content_width":"","footnotes":""},"categories":[11],"tags":[],"class_list":["post-8711","post","type-post","status-publish","format-standard","has-post-thumbnail","hentry","category-health"],"_links":{"self":[{"href":"https:\/\/www.un.org\/sustainabledevelopment\/es\/wp-json\/wp\/v2\/posts\/8711","targetHints":{"allow":["GET"]}}],"collection":[{"href":"https:\/\/www.un.org\/sustainabledevelopment\/es\/wp-json\/wp\/v2\/posts"}],"about":[{"href":"https:\/\/www.un.org\/sustainabledevelopment\/es\/wp-json\/wp\/v2\/types\/post"}],"author":[{"embeddable":true,"href":"https:\/\/www.un.org\/sustainabledevelopment\/es\/wp-json\/wp\/v2\/users\/37"}],"replies":[{"embeddable":true,"href":"https:\/\/www.un.org\/sustainabledevelopment\/es\/wp-json\/wp\/v2\/comments?post=8711"}],"version-history":[{"count":0,"href":"https:\/\/www.un.org\/sustainabledevelopment\/es\/wp-json\/wp\/v2\/posts\/8711\/revisions"}],"wp:featuredmedia":[{"embeddable":true,"href":"https:\/\/www.un.org\/sustainabledevelopment\/es\/wp-json\/wp\/v2\/media\/8715"}],"wp:attachment":[{"href":"https:\/\/www.un.org\/sustainabledevelopment\/es\/wp-json\/wp\/v2\/media?parent=8711"}],"wp:term":[{"taxonomy":"category","embeddable":true,"href":"https:\/\/www.un.org\/sustainabledevelopment\/es\/wp-json\/wp\/v2\/categories?post=8711"},{"taxonomy":"post_tag","embeddable":true,"href":"https:\/\/www.un.org\/sustainabledevelopment\/es\/wp-json\/wp\/v2\/tags?post=8711"}],"curies":[{"name":"wp","href":"https:\/\/api.w.org\/{rel}","templated":true}]}}